{"id":730,"date":"2024-07-13T12:08:23","date_gmt":"2024-07-13T10:08:23","guid":{"rendered":"https:\/\/astrosolsones.com\/?p=730"},"modified":"2024-07-13T12:15:11","modified_gmt":"2024-07-13T10:15:11","slug":"t1_e24_-cau-la-nit-al-castell_les-constel-lacions-de-lhemisferi-sud","status":"publish","type":"post","link":"https:\/\/astrosolsones.com\/es\/t1_e24_-cau-la-nit-al-castell_les-constel-lacions-de-lhemisferi-sud\/","title":{"rendered":"T1_E24_ Cau la nit al castell_Les constel.lacions de l\u2019hemisferi Sud"},"content":{"rendered":"<div class=\"wp-block-image\">\n<figure class=\"aligncenter size-large\"><img loading=\"lazy\" decoding=\"async\" width=\"1024\" height=\"1024\" src=\"https:\/\/astrosolsones.com\/wp-content\/uploads\/2024\/07\/halley-south-constellations-2000_2000-1024x1024.jpg\" alt=\"planisferi celest fet per Edmond Halley\" class=\"wp-image-731\" srcset=\"https:\/\/astrosolsones.com\/wp-content\/uploads\/2024\/07\/halley-south-constellations-2000_2000-1024x1024.jpg 1024w, https:\/\/astrosolsones.com\/wp-content\/uploads\/2024\/07\/halley-south-constellations-2000_2000-300x300.jpg 300w, https:\/\/astrosolsones.com\/wp-content\/uploads\/2024\/07\/halley-south-constellations-2000_2000-150x150.jpg 150w, https:\/\/astrosolsones.com\/wp-content\/uploads\/2024\/07\/halley-south-constellations-2000_2000-768x768.jpg 768w, https:\/\/astrosolsones.com\/wp-content\/uploads\/2024\/07\/halley-south-constellations-2000_2000-1536x1536.jpg 1536w, https:\/\/astrosolsones.com\/wp-content\/uploads\/2024\/07\/halley-south-constellations-2000_2000-100x100.jpg 100w, https:\/\/astrosolsones.com\/wp-content\/uploads\/2024\/07\/halley-south-constellations-2000_2000.jpg 2000w\" sizes=\"auto, (max-width: 706px) 89vw, (max-width: 767px) 82vw, 740px\" \/><figcaption class=\"wp-element-caption\">Carta celest de l&#8217;hemisferi Sud feta per Edmond Halley<\/figcaption><\/figure>\n<\/div>\n\n\n<p>P\u00f2dcast sobre astronomia coproduit per Solsona FM i Jordi Fraxanet amb l\u2019acompanyament expert del Centre Astron\u00f2mic del Castell de Lladurs.<\/p>\n\n\n\n<p>Comen\u00e7arem el programa d\u2019avui amb la secci\u00f3 de novetats astron\u00f2miques sobre la investigaci\u00f3 de les coves marcianes m\u00e9s segures per als astronautes. Seguir\u00e0 l\u2019agenda astron\u00f2mica de la propera setmana.&nbsp;<\/p>\n\n\n\n<p>I acabarem amb el tema principal amb les constel.lacions que es veuen des de l\u2019hemisferi Sud. Qui i com se li va donar forma i nom als estels que es veuen des del Sud. Coneixerem als astr\u00f2noms europeus que van viatjar per donar a con\u00e8ixer les constel.lacions que no es poden veure des de Europa. I perqu\u00e8 no van assignar els noms que els donaven els habitants del Sud.<\/p>\n\n\n\n<p><audio class=\"wp-audio-shortcode\" id=\"audio-730-1\" preload=\"none\" style=\"width: 100%;\" controls=\"controls\"><source type=\"audio\/mpeg\" src=\"https:\/\/www.ivoox.com\/t1-e24-cau-nit-al-castell-les-constel-lacions-de_md_131588826_wp_1.mp3?_=1\" \/><a href=\"https:\/\/www.ivoox.com\/t1-e24-cau-nit-al-castell-les-constel-lacions-de_md_131588826_wp_1.mp3\">https:\/\/www.ivoox.com\/t1-e24-cau-nit-al-castell-les-constel-lacions-de_md_131588826_wp_1.mp3<\/a><\/audio> <a href=\"https:\/\/go.ivoox.com\/rf\/131588826\">Ir a descargar<\/a><\/p>\n\n\n\n<p>Sabeu perqu\u00e8 els astronautes s\u2019han de protegir al planeta Mart? A quina constel.laci\u00f3 podrem trobar al planeta nan Plut\u00f3? Quin astr\u00f2nom va posar la constel.laci\u00f3 Microscopi al cel? doncs esteu al cas i descobrireu les respostes<\/p>\n\n\n\n<p>Contactar amb el Centre Astron\u00f2mic: info@astrosolsones.com<\/p>\n","protected":false},"excerpt":{"rendered":"<p>P\u00f2dcast sobre astronomia coproduit per Solsona FM i Jordi Fraxanet amb l\u2019acompanyament expert del Centre Astron\u00f2mic del Castell de Lladurs. Comen\u00e7arem el programa d\u2019avui amb la secci\u00f3 de novetats astron\u00f2miques sobre la investigaci\u00f3 de les coves marcianes m\u00e9s segures per als astronautes. Seguir\u00e0 l\u2019agenda astron\u00f2mica de la propera setmana.&nbsp; I acabarem amb el tema principal &hellip; <\/p>\n<p class=\"link-more\"><a href=\"https:\/\/astrosolsones.com\/es\/t1_e24_-cau-la-nit-al-castell_les-constel-lacions-de-lhemisferi-sud\/\" class=\"more-link\">Continuar leyendo<span class=\"screen-reader-text\"> \u00abT1_E24_ Cau la nit al castell_Les constel.lacions de l\u2019hemisferi Sud\u00bb<\/span><\/a><\/p>\n","protected":false},"author":1,"featured_media":0,"comment_status":"open","ping_status":"open","sticky":false,"template":"","format":"standard","meta":{"footnotes":""},"categories":[20],"tags":[],"class_list":["post-730","post","type-post","status-publish","format-standard","hentry","category-cau-la-nit"],"translation":{"provider":"WPGlobus","version":"3.0.2","language":"es","enabled_languages":["ca","es","en"],"languages":{"ca":{"title":true,"content":true,"excerpt":false},"es":{"title":false,"content":false,"excerpt":false},"en":{"title":false,"content":false,"excerpt":false}}},"yoast_head":"<!-- This site is optimized with the Yoast SEO plugin v27.5 - https:\/\/yoast.com\/product\/yoast-seo-wordpress\/ -->\n<title>T1_E24_ Cau la nit al castell_Les constel.lacions de l\u2019hemisferi Sud - Astronom\u00eda en el Solson\u00e8s<\/title>\n<meta name=\"robots\" content=\"index, follow, max-snippet:-1, max-image-preview:large, max-video-preview:-1\" \/>\n<link rel=\"canonical\" href=\"https:\/\/astrosolsones.com\/t1_e24_-cau-la-nit-al-castell_les-constel-lacions-de-lhemisferi-sud\/\" \/>\n<meta property=\"og:locale\" content=\"es_ES\" \/>\n<meta property=\"og:type\" content=\"article\" \/>\n<meta property=\"og:title\" content=\"T1_E24_ Cau la nit al castell_Les constel.lacions de l\u2019hemisferi Sud - Astronom\u00eda en el Solson\u00e8s\" \/>\n<meta property=\"og:url\" content=\"https:\/\/astrosolsones.com\/t1_e24_-cau-la-nit-al-castell_les-constel-lacions-de-lhemisferi-sud\/\" \/>\n<meta property=\"og:site_name\" content=\"Astronom\u00eda en el Solson\u00e8s\" \/>\n<meta property=\"article:published_time\" content=\"2024-07-13T10:08:23+00:00\" \/>\n<meta property=\"article:modified_time\" content=\"2024-07-13T10:15:11+00:00\" \/>\n<meta property=\"og:image\" content=\"https:\/\/astrosolsones.com\/wp-content\/uploads\/2024\/07\/halley-south-constellations-2000_2000-1024x1024.jpg\" \/>\n<meta name=\"author\" content=\"master\" \/>\n<meta name=\"twitter:card\" content=\"summary_large_image\" \/>\n<meta name=\"twitter:label1\" content=\"Escrito por\" \/>\n\t<meta name=\"twitter:data1\" content=\"master\" \/>\n\t<meta name=\"twitter:label2\" content=\"Tiempo de lectura\" \/>\n\t<meta name=\"twitter:data2\" content=\"2 minutos\" \/>\n<script type=\"application\/ld+json\" class=\"yoast-schema-graph\">{\"@context\":\"https:\\\/\\\/schema.org\",\"@graph\":[{\"@type\":\"Article\",\"@id\":\"https:\\\/\\\/astrosolsones.com\\\/t1_e24_-cau-la-nit-al-castell_les-constel-lacions-de-lhemisferi-sud\\\/#article\",\"isPartOf\":{\"@id\":\"https:\\\/\\\/astrosolsones.com\\\/t1_e24_-cau-la-nit-al-castell_les-constel-lacions-de-lhemisferi-sud\\\/\"},\"author\":{\"name\":\"master\",\"@id\":\"https:\\\/\\\/astrosolsones.com\\\/#\\\/schema\\\/person\\\/e8bfdc5f19c39a536f638748180c1e25\"},\"headline\":\"T1_E24_ Cau la nit al castell_Les constel.lacions de l\u2019hemisferi Sud\",\"datePublished\":\"2024-07-13T10:08:23+00:00\",\"dateModified\":\"2024-07-13T10:15:11+00:00\",\"mainEntityOfPage\":{\"@id\":\"https:\\\/\\\/astrosolsones.com\\\/t1_e24_-cau-la-nit-al-castell_les-constel-lacions-de-lhemisferi-sud\\\/\"},\"wordCount\":221,\"commentCount\":0,\"publisher\":{\"@id\":\"https:\\\/\\\/astrosolsones.com\\\/#organization\"},\"image\":{\"@id\":\"https:\\\/\\\/astrosolsones.com\\\/t1_e24_-cau-la-nit-al-castell_les-constel-lacions-de-lhemisferi-sud\\\/#primaryimage\"},\"thumbnailUrl\":\"https:\\\/\\\/astrosolsones.com\\\/wp-content\\\/uploads\\\/2024\\\/07\\\/halley-south-constellations-2000_2000-1024x1024.jpg\",\"articleSection\":[\"cau la nit\"],\"inLanguage\":\"es\",\"potentialAction\":[{\"@type\":\"CommentAction\",\"name\":\"Comment\",\"target\":[\"https:\\\/\\\/astrosolsones.com\\\/t1_e24_-cau-la-nit-al-castell_les-constel-lacions-de-lhemisferi-sud\\\/#respond\"]}]},{\"@type\":\"WebPage\",\"@id\":\"https:\\\/\\\/astrosolsones.com\\\/t1_e24_-cau-la-nit-al-castell_les-constel-lacions-de-lhemisferi-sud\\\/\",\"url\":\"https:\\\/\\\/astrosolsones.com\\\/t1_e24_-cau-la-nit-al-castell_les-constel-lacions-de-lhemisferi-sud\\\/\",\"name\":\"T1_E24_ Cau la nit al castell_Les constel.lacions de l\u2019hemisferi Sud - Astronom\u00eda en el Solson\u00e8s\",\"isPartOf\":{\"@id\":\"https:\\\/\\\/astrosolsones.com\\\/#website\"},\"primaryImageOfPage\":{\"@id\":\"https:\\\/\\\/astrosolsones.com\\\/t1_e24_-cau-la-nit-al-castell_les-constel-lacions-de-lhemisferi-sud\\\/#primaryimage\"},\"image\":{\"@id\":\"https:\\\/\\\/astrosolsones.com\\\/t1_e24_-cau-la-nit-al-castell_les-constel-lacions-de-lhemisferi-sud\\\/#primaryimage\"},\"thumbnailUrl\":\"https:\\\/\\\/astrosolsones.com\\\/wp-content\\\/uploads\\\/2024\\\/07\\\/halley-south-constellations-2000_2000-1024x1024.jpg\",\"datePublished\":\"2024-07-13T10:08:23+00:00\",\"dateModified\":\"2024-07-13T10:15:11+00:00\",\"description\":\"Parlarem de les constel.lacions que es veuen des de l\u2019hemisferi Sud. Qui i com se li va donar forma i nom als estels que es veuen des del Sud. Coneixerem als astr\u00f2noms europeus que van viatjar per donar a con\u00e8ixer les constel.lacions que no es poden veure des de Europa. I perqu\u00e8 no van assignar els noms que els donaven els habitants del Sud.\",\"breadcrumb\":{\"@id\":\"https:\\\/\\\/astrosolsones.com\\\/t1_e24_-cau-la-nit-al-castell_les-constel-lacions-de-lhemisferi-sud\\\/#breadcrumb\"},\"inLanguage\":\"es\",\"potentialAction\":[{\"@type\":\"ReadAction\",\"target\":[\"https:\\\/\\\/astrosolsones.com\\\/t1_e24_-cau-la-nit-al-castell_les-constel-lacions-de-lhemisferi-sud\\\/\"]}]},{\"@type\":\"ImageObject\",\"inLanguage\":\"es\",\"@id\":\"https:\\\/\\\/astrosolsones.com\\\/t1_e24_-cau-la-nit-al-castell_les-constel-lacions-de-lhemisferi-sud\\\/#primaryimage\",\"url\":\"https:\\\/\\\/astrosolsones.com\\\/wp-content\\\/uploads\\\/2024\\\/07\\\/halley-south-constellations-2000_2000-1024x1024.jpg\",\"contentUrl\":\"https:\\\/\\\/astrosolsones.com\\\/wp-content\\\/uploads\\\/2024\\\/07\\\/halley-south-constellations-2000_2000-1024x1024.jpg\"},{\"@type\":\"BreadcrumbList\",\"@id\":\"https:\\\/\\\/astrosolsones.com\\\/t1_e24_-cau-la-nit-al-castell_les-constel-lacions-de-lhemisferi-sud\\\/#breadcrumb\",\"itemListElement\":[{\"@type\":\"ListItem\",\"position\":1,\"name\":\"Home\",\"item\":\"https:\\\/\\\/astrosolsones.com\\\/\"},{\"@type\":\"ListItem\",\"position\":2,\"name\":\"T1_E24_ Cau la nit al castell_Les constel.lacions de l\u2019hemisferi Sud\"}]},{\"@type\":\"WebSite\",\"@id\":\"https:\\\/\\\/astrosolsones.com\\\/#website\",\"url\":\"https:\\\/\\\/astrosolsones.com\\\/\",\"name\":\"Astronomia al Solson\u00e8s\",\"description\":\"Observaci\u00f3n de estrellas, constelaciones y planetas Astroturismo\",\"publisher\":{\"@id\":\"https:\\\/\\\/astrosolsones.com\\\/#organization\"},\"potentialAction\":[{\"@type\":\"SearchAction\",\"target\":{\"@type\":\"EntryPoint\",\"urlTemplate\":\"https:\\\/\\\/astrosolsones.com\\\/?s={search_term_string}\"},\"query-input\":{\"@type\":\"PropertyValueSpecification\",\"valueRequired\":true,\"valueName\":\"search_term_string\"}}],\"inLanguage\":\"es\"},{\"@type\":\"Organization\",\"@id\":\"https:\\\/\\\/astrosolsones.com\\\/#organization\",\"name\":\"Astronomia al Solson\u00e8s\",\"url\":\"https:\\\/\\\/astrosolsones.com\\\/\",\"logo\":{\"@type\":\"ImageObject\",\"inLanguage\":\"es\",\"@id\":\"https:\\\/\\\/astrosolsones.com\\\/#\\\/schema\\\/logo\\\/image\\\/\",\"url\":\"https:\\\/\\\/astrosolsones.com\\\/wp-content\\\/uploads\\\/2024\\\/06\\\/Logo-Astrosolsones-fons-blanc.png\",\"contentUrl\":\"https:\\\/\\\/astrosolsones.com\\\/wp-content\\\/uploads\\\/2024\\\/06\\\/Logo-Astrosolsones-fons-blanc.png\",\"width\":1983,\"height\":1640,\"caption\":\"Astronomia al Solson\u00e8s\"},\"image\":{\"@id\":\"https:\\\/\\\/astrosolsones.com\\\/#\\\/schema\\\/logo\\\/image\\\/\"},\"sameAs\":[\"https:\\\/\\\/www.instagram.com\\\/astrosolsones\\\/\"]},{\"@type\":\"Person\",\"@id\":\"https:\\\/\\\/astrosolsones.com\\\/#\\\/schema\\\/person\\\/e8bfdc5f19c39a536f638748180c1e25\",\"name\":\"master\",\"image\":{\"@type\":\"ImageObject\",\"inLanguage\":\"es\",\"@id\":\"https:\\\/\\\/secure.gravatar.com\\\/avatar\\\/41a47ed12e956c548b5b7357f18afea7bfc64375f1237489a769fe8fdc510449?s=96&d=mm&r=g\",\"url\":\"https:\\\/\\\/secure.gravatar.com\\\/avatar\\\/41a47ed12e956c548b5b7357f18afea7bfc64375f1237489a769fe8fdc510449?s=96&d=mm&r=g\",\"contentUrl\":\"https:\\\/\\\/secure.gravatar.com\\\/avatar\\\/41a47ed12e956c548b5b7357f18afea7bfc64375f1237489a769fe8fdc510449?s=96&d=mm&r=g\",\"caption\":\"master\"},\"url\":\"https:\\\/\\\/astrosolsones.com\\\/es\\\/author\\\/admin9950\\\/\"}]}<\/script>\n<!-- \/ Yoast SEO plugin. -->","yoast_head_json":{"title":"T1_E24_ Cau la nit al castell_Les constel.lacions de l\u2019hemisferi Sud - Astronom\u00eda en el Solson\u00e8s","robots":{"index":"index","follow":"follow","max-snippet":"max-snippet:-1","max-image-preview":"max-image-preview:large","max-video-preview":"max-video-preview:-1"},"canonical":"https:\/\/astrosolsones.com\/t1_e24_-cau-la-nit-al-castell_les-constel-lacions-de-lhemisferi-sud\/","og_locale":"es_ES","og_type":"article","og_title":"T1_E24_ Cau la nit al castell_Les constel.lacions de l\u2019hemisferi Sud - Astronom\u00eda en el Solson\u00e8s","og_url":"https:\/\/astrosolsones.com\/t1_e24_-cau-la-nit-al-castell_les-constel-lacions-de-lhemisferi-sud\/","og_site_name":"Astronom\u00eda en el Solson\u00e8s","article_published_time":"2024-07-13T10:08:23+00:00","article_modified_time":"2024-07-13T10:15:11+00:00","og_image":[{"url":"https:\/\/astrosolsones.com\/wp-content\/uploads\/2024\/07\/halley-south-constellations-2000_2000-1024x1024.jpg","type":"","width":"","height":""}],"author":"master","twitter_card":"summary_large_image","twitter_misc":{"Escrito por":"master","Tiempo de lectura":"2 minutos"},"schema":{"@context":"https:\/\/schema.org","@graph":[{"@type":"Article","@id":"https:\/\/astrosolsones.com\/t1_e24_-cau-la-nit-al-castell_les-constel-lacions-de-lhemisferi-sud\/#article","isPartOf":{"@id":"https:\/\/astrosolsones.com\/t1_e24_-cau-la-nit-al-castell_les-constel-lacions-de-lhemisferi-sud\/"},"author":{"name":"master","@id":"https:\/\/astrosolsones.com\/#\/schema\/person\/e8bfdc5f19c39a536f638748180c1e25"},"headline":"T1_E24_ Cau la nit al castell_Les constel.lacions de l\u2019hemisferi Sud","datePublished":"2024-07-13T10:08:23+00:00","dateModified":"2024-07-13T10:15:11+00:00","mainEntityOfPage":{"@id":"https:\/\/astrosolsones.com\/t1_e24_-cau-la-nit-al-castell_les-constel-lacions-de-lhemisferi-sud\/"},"wordCount":221,"commentCount":0,"publisher":{"@id":"https:\/\/astrosolsones.com\/#organization"},"image":{"@id":"https:\/\/astrosolsones.com\/t1_e24_-cau-la-nit-al-castell_les-constel-lacions-de-lhemisferi-sud\/#primaryimage"},"thumbnailUrl":"https:\/\/astrosolsones.com\/wp-content\/uploads\/2024\/07\/halley-south-constellations-2000_2000-1024x1024.jpg","articleSection":["cau la nit"],"inLanguage":"es","potentialAction":[{"@type":"CommentAction","name":"Comment","target":["https:\/\/astrosolsones.com\/t1_e24_-cau-la-nit-al-castell_les-constel-lacions-de-lhemisferi-sud\/#respond"]}]},{"@type":"WebPage","@id":"https:\/\/astrosolsones.com\/t1_e24_-cau-la-nit-al-castell_les-constel-lacions-de-lhemisferi-sud\/","url":"https:\/\/astrosolsones.com\/t1_e24_-cau-la-nit-al-castell_les-constel-lacions-de-lhemisferi-sud\/","name":"T1_E24_ Cau la nit al castell_Les constel.lacions de l\u2019hemisferi Sud - Astronom\u00eda en el Solson\u00e8s","isPartOf":{"@id":"https:\/\/astrosolsones.com\/#website"},"primaryImageOfPage":{"@id":"https:\/\/astrosolsones.com\/t1_e24_-cau-la-nit-al-castell_les-constel-lacions-de-lhemisferi-sud\/#primaryimage"},"image":{"@id":"https:\/\/astrosolsones.com\/t1_e24_-cau-la-nit-al-castell_les-constel-lacions-de-lhemisferi-sud\/#primaryimage"},"thumbnailUrl":"https:\/\/astrosolsones.com\/wp-content\/uploads\/2024\/07\/halley-south-constellations-2000_2000-1024x1024.jpg","datePublished":"2024-07-13T10:08:23+00:00","dateModified":"2024-07-13T10:15:11+00:00","description":"Parlarem de les constel.lacions que es veuen des de l\u2019hemisferi Sud. Qui i com se li va donar forma i nom als estels que es veuen des del Sud. Coneixerem als astr\u00f2noms europeus que van viatjar per donar a con\u00e8ixer les constel.lacions que no es poden veure des de Europa. I perqu\u00e8 no van assignar els noms que els donaven els habitants del Sud.","breadcrumb":{"@id":"https:\/\/astrosolsones.com\/t1_e24_-cau-la-nit-al-castell_les-constel-lacions-de-lhemisferi-sud\/#breadcrumb"},"inLanguage":"es","potentialAction":[{"@type":"ReadAction","target":["https:\/\/astrosolsones.com\/t1_e24_-cau-la-nit-al-castell_les-constel-lacions-de-lhemisferi-sud\/"]}]},{"@type":"ImageObject","inLanguage":"es","@id":"https:\/\/astrosolsones.com\/t1_e24_-cau-la-nit-al-castell_les-constel-lacions-de-lhemisferi-sud\/#primaryimage","url":"https:\/\/astrosolsones.com\/wp-content\/uploads\/2024\/07\/halley-south-constellations-2000_2000-1024x1024.jpg","contentUrl":"https:\/\/astrosolsones.com\/wp-content\/uploads\/2024\/07\/halley-south-constellations-2000_2000-1024x1024.jpg"},{"@type":"BreadcrumbList","@id":"https:\/\/astrosolsones.com\/t1_e24_-cau-la-nit-al-castell_les-constel-lacions-de-lhemisferi-sud\/#breadcrumb","itemListElement":[{"@type":"ListItem","position":1,"name":"Home","item":"https:\/\/astrosolsones.com\/"},{"@type":"ListItem","position":2,"name":"T1_E24_ Cau la nit al castell_Les constel.lacions de l\u2019hemisferi Sud"}]},{"@type":"WebSite","@id":"https:\/\/astrosolsones.com\/#website","url":"https:\/\/astrosolsones.com\/","name":"Astronomia al Solson\u00e8s","description":"Observaci\u00f3n de estrellas, constelaciones y planetas Astroturismo","publisher":{"@id":"https:\/\/astrosolsones.com\/#organization"},"potentialAction":[{"@type":"SearchAction","target":{"@type":"EntryPoint","urlTemplate":"https:\/\/astrosolsones.com\/?s={search_term_string}"},"query-input":{"@type":"PropertyValueSpecification","valueRequired":true,"valueName":"search_term_string"}}],"inLanguage":"es"},{"@type":"Organization","@id":"https:\/\/astrosolsones.com\/#organization","name":"Astronomia al Solson\u00e8s","url":"https:\/\/astrosolsones.com\/","logo":{"@type":"ImageObject","inLanguage":"es","@id":"https:\/\/astrosolsones.com\/#\/schema\/logo\/image\/","url":"https:\/\/astrosolsones.com\/wp-content\/uploads\/2024\/06\/Logo-Astrosolsones-fons-blanc.png","contentUrl":"https:\/\/astrosolsones.com\/wp-content\/uploads\/2024\/06\/Logo-Astrosolsones-fons-blanc.png","width":1983,"height":1640,"caption":"Astronomia al Solson\u00e8s"},"image":{"@id":"https:\/\/astrosolsones.com\/#\/schema\/logo\/image\/"},"sameAs":["https:\/\/www.instagram.com\/astrosolsones\/"]},{"@type":"Person","@id":"https:\/\/astrosolsones.com\/#\/schema\/person\/e8bfdc5f19c39a536f638748180c1e25","name":"master","image":{"@type":"ImageObject","inLanguage":"es","@id":"https:\/\/secure.gravatar.com\/avatar\/41a47ed12e956c548b5b7357f18afea7bfc64375f1237489a769fe8fdc510449?s=96&d=mm&r=g","url":"https:\/\/secure.gravatar.com\/avatar\/41a47ed12e956c548b5b7357f18afea7bfc64375f1237489a769fe8fdc510449?s=96&d=mm&r=g","contentUrl":"https:\/\/secure.gravatar.com\/avatar\/41a47ed12e956c548b5b7357f18afea7bfc64375f1237489a769fe8fdc510449?s=96&d=mm&r=g","caption":"master"},"url":"https:\/\/astrosolsones.com\/es\/author\/admin9950\/"}]}},"_links":{"self":[{"href":"https:\/\/astrosolsones.com\/es\/wp-json\/wp\/v2\/posts\/730","targetHints":{"allow":["GET"]}}],"collection":[{"href":"https:\/\/astrosolsones.com\/es\/wp-json\/wp\/v2\/posts"}],"about":[{"href":"https:\/\/astrosolsones.com\/es\/wp-json\/wp\/v2\/types\/post"}],"author":[{"embeddable":true,"href":"https:\/\/astrosolsones.com\/es\/wp-json\/wp\/v2\/users\/1"}],"replies":[{"embeddable":true,"href":"https:\/\/astrosolsones.com\/es\/wp-json\/wp\/v2\/comments?post=730"}],"version-history":[{"count":2,"href":"https:\/\/astrosolsones.com\/es\/wp-json\/wp\/v2\/posts\/730\/revisions"}],"predecessor-version":[{"id":734,"href":"https:\/\/astrosolsones.com\/es\/wp-json\/wp\/v2\/posts\/730\/revisions\/734"}],"wp:attachment":[{"href":"https:\/\/astrosolsones.com\/es\/wp-json\/wp\/v2\/media?parent=730"}],"wp:term":[{"taxonomy":"category","embeddable":true,"href":"https:\/\/astrosolsones.com\/es\/wp-json\/wp\/v2\/categories?post=730"},{"taxonomy":"post_tag","embeddable":true,"href":"https:\/\/astrosolsones.com\/es\/wp-json\/wp\/v2\/tags?post=730"}],"curies":[{"name":"wp","href":"https:\/\/api.w.org\/{rel}","templated":true}]}}