{"id":697,"date":"2024-06-17T10:43:29","date_gmt":"2024-06-17T08:43:29","guid":{"rendered":"https:\/\/astrosolsones.com\/?p=697"},"modified":"2024-06-17T10:43:30","modified_gmt":"2024-06-17T08:43:30","slug":"t1_e20_-cau-la-nit-al-castell_congres-photonit","status":"publish","type":"post","link":"https:\/\/astrosolsones.com\/es\/t1_e20_-cau-la-nit-al-castell_congres-photonit\/","title":{"rendered":"T1_E20_ Cau la nit al castell_Congr\u00e9s Photonit"},"content":{"rendered":"<div class=\"wp-block-image\">\n<figure class=\"aligncenter size-large\"><img loading=\"lazy\" decoding=\"async\" width=\"814\" height=\"1024\" src=\"https:\/\/astrosolsones.com\/wp-content\/uploads\/2024\/06\/IMG-20240608-WA0008_retallada-814x1024.jpg\" alt=\"Ponents del congr\u00e9s de astrofotografia Photonit 2024\" class=\"wp-image-699\" srcset=\"https:\/\/astrosolsones.com\/wp-content\/uploads\/2024\/06\/IMG-20240608-WA0008_retallada-814x1024.jpg 814w, https:\/\/astrosolsones.com\/wp-content\/uploads\/2024\/06\/IMG-20240608-WA0008_retallada-239x300.jpg 239w, https:\/\/astrosolsones.com\/wp-content\/uploads\/2024\/06\/IMG-20240608-WA0008_retallada-768x966.jpg 768w, https:\/\/astrosolsones.com\/wp-content\/uploads\/2024\/06\/IMG-20240608-WA0008_retallada.jpg 924w\" sizes=\"auto, (max-width: 706px) 89vw, (max-width: 767px) 82vw, 740px\" \/><figcaption class=\"wp-element-caption\">Ramon Perez (Ramoon), Jordi Fraxanet y Jesus M Flores<\/figcaption><\/figure>\n<\/div>\n\n\n<p>P\u00f2dcast sobre astronomia coproduit per Solsona FM i Jordi Fraxanet amb l\u2019acompanyament expert del Centre Astron\u00f2mic del Castell de Lladurs.<\/p>\n\n\n\n<p>Comen\u00e7arem el programa d\u2019avui amb la secci\u00f3 de novetats astron\u00f2miques sobre l\u2019\u00e8xit del vol de prova de la nau Starship. Seguir\u00e0 l\u2019agenda astron\u00f2mica de la propera setmana.&nbsp;<\/p>\n\n\n\n<p>I acabarem amb el tema de la setmana, sobre el congr\u00e9s de fotografia nocturna i astrofotografia Photonit 2024 que s\u2019ha celebrat al Montsec el darrer cap de setmana.<\/p>\n\n\n\n<p><\/p>\n\n\n\n<p><audio class=\"wp-audio-shortcode\" id=\"audio-697-1\" preload=\"none\" style=\"width: 100%;\" controls=\"controls\"><source type=\"audio\/mpeg\" src=\"https:\/\/www.ivoox.com\/t1-e20-cau-nit-al-castell-congres-photonit_md_130419559_wp_1.mp3?_=1\" \/><a href=\"https:\/\/www.ivoox.com\/t1-e20-cau-nit-al-castell-congres-photonit_md_130419559_wp_1.mp3\">https:\/\/www.ivoox.com\/t1-e20-cau-nit-al-castell-congres-photonit_md_130419559_wp_1.mp3<\/a><\/audio> <a href=\"https:\/\/go.ivoox.com\/rf\/130419559\">Ir a descargar<\/a><\/p>\n\n\n\n<p>Sabeu quin combustible porta la nau Starship? Com es diu el cometa que veurem a l\u2019Octubre? I quines c\u00e0mares s\u2019utilitzen per fer astrotografia de paisatge? escolteu el programa i ho esbrinareu.<\/p>\n\n\n\n<p>Congr\u00e9s Photonit:\u00a0 https:\/\/www.monestirdelesavellanes.com\/ca\/photonit-2024<\/p>\n\n\n\n<p>Web de astrosolson\u00e8s:<a href=\"https:\/\/astrosolsones.com\/\">https:\/\/astrosolsones.com\/<\/a><\/p>\n\n\n\n<p>Web del episodi:&nbsp;<\/p>\n\n\n\n<p>Contactar amb el Centre Astron\u00f2mic: info@astrosolsones.com<\/p>\n","protected":false},"excerpt":{"rendered":"<p>P\u00f2dcast sobre astronomia coproduit per Solsona FM i Jordi Fraxanet amb l\u2019acompanyament expert del Centre Astron\u00f2mic del Castell de Lladurs. Comen\u00e7arem el programa d\u2019avui amb la secci\u00f3 de novetats astron\u00f2miques sobre l\u2019\u00e8xit del vol de prova de la nau Starship. Seguir\u00e0 l\u2019agenda astron\u00f2mica de la propera setmana.&nbsp; I acabarem amb el tema de la setmana, &hellip; <\/p>\n<p class=\"link-more\"><a href=\"https:\/\/astrosolsones.com\/es\/t1_e20_-cau-la-nit-al-castell_congres-photonit\/\" class=\"more-link\">Continuar leyendo<span class=\"screen-reader-text\"> \u00abT1_E20_ Cau la nit al castell_Congr\u00e9s Photonit\u00bb<\/span><\/a><\/p>\n","protected":false},"author":1,"featured_media":0,"comment_status":"open","ping_status":"open","sticky":false,"template":"","format":"standard","meta":{"footnotes":""},"categories":[20],"tags":[],"class_list":["post-697","post","type-post","status-publish","format-standard","hentry","category-cau-la-nit"],"translation":{"provider":"WPGlobus","version":"3.0.2","language":"es","enabled_languages":["ca","es","en"],"languages":{"ca":{"title":true,"content":true,"excerpt":false},"es":{"title":false,"content":false,"excerpt":false},"en":{"title":false,"content":false,"excerpt":false}}},"yoast_head":"<!-- This site is optimized with the Yoast SEO plugin v27.5 - https:\/\/yoast.com\/product\/yoast-seo-wordpress\/ -->\n<title>T1_E20_ Cau la nit al castell_Congr\u00e9s Photonit - Astronom\u00eda en el Solson\u00e8s<\/title>\n<meta name=\"robots\" content=\"index, follow, max-snippet:-1, max-image-preview:large, max-video-preview:-1\" \/>\n<link rel=\"canonical\" href=\"https:\/\/astrosolsones.com\/t1_e20_-cau-la-nit-al-castell_congres-photonit\/\" \/>\n<meta property=\"og:locale\" content=\"es_ES\" \/>\n<meta property=\"og:type\" content=\"article\" \/>\n<meta property=\"og:title\" content=\"T1_E20_ Cau la nit al castell_Congr\u00e9s Photonit - Astronom\u00eda en el Solson\u00e8s\" \/>\n<meta property=\"og:url\" content=\"https:\/\/astrosolsones.com\/t1_e20_-cau-la-nit-al-castell_congres-photonit\/\" \/>\n<meta property=\"og:site_name\" content=\"Astronom\u00eda en el Solson\u00e8s\" \/>\n<meta property=\"article:published_time\" content=\"2024-06-17T08:43:29+00:00\" \/>\n<meta property=\"article:modified_time\" content=\"2024-06-17T08:43:30+00:00\" \/>\n<meta property=\"og:image\" content=\"https:\/\/astrosolsones.com\/wp-content\/uploads\/2024\/06\/IMG-20240608-WA0008_retallada-814x1024.jpg\" \/>\n<meta name=\"author\" content=\"master\" \/>\n<meta name=\"twitter:card\" content=\"summary_large_image\" \/>\n<meta name=\"twitter:label1\" content=\"Escrito por\" \/>\n\t<meta name=\"twitter:data1\" content=\"master\" \/>\n\t<meta name=\"twitter:label2\" content=\"Tiempo de lectura\" \/>\n\t<meta name=\"twitter:data2\" content=\"1 minuto\" \/>\n<script type=\"application\/ld+json\" class=\"yoast-schema-graph\">{\"@context\":\"https:\\\/\\\/schema.org\",\"@graph\":[{\"@type\":\"Article\",\"@id\":\"https:\\\/\\\/astrosolsones.com\\\/t1_e20_-cau-la-nit-al-castell_congres-photonit\\\/#article\",\"isPartOf\":{\"@id\":\"https:\\\/\\\/astrosolsones.com\\\/t1_e20_-cau-la-nit-al-castell_congres-photonit\\\/\"},\"author\":{\"name\":\"master\",\"@id\":\"https:\\\/\\\/astrosolsones.com\\\/#\\\/schema\\\/person\\\/e8bfdc5f19c39a536f638748180c1e25\"},\"headline\":\"T1_E20_ Cau la nit al castell_Congr\u00e9s Photonit\",\"datePublished\":\"2024-06-17T08:43:29+00:00\",\"dateModified\":\"2024-06-17T08:43:30+00:00\",\"mainEntityOfPage\":{\"@id\":\"https:\\\/\\\/astrosolsones.com\\\/t1_e20_-cau-la-nit-al-castell_congres-photonit\\\/\"},\"wordCount\":183,\"commentCount\":0,\"publisher\":{\"@id\":\"https:\\\/\\\/astrosolsones.com\\\/#organization\"},\"image\":{\"@id\":\"https:\\\/\\\/astrosolsones.com\\\/t1_e20_-cau-la-nit-al-castell_congres-photonit\\\/#primaryimage\"},\"thumbnailUrl\":\"https:\\\/\\\/astrosolsones.com\\\/wp-content\\\/uploads\\\/2024\\\/06\\\/IMG-20240608-WA0008_retallada-814x1024.jpg\",\"articleSection\":[\"cau la nit\"],\"inLanguage\":\"es\",\"potentialAction\":[{\"@type\":\"CommentAction\",\"name\":\"Comment\",\"target\":[\"https:\\\/\\\/astrosolsones.com\\\/t1_e20_-cau-la-nit-al-castell_congres-photonit\\\/#respond\"]}]},{\"@type\":\"WebPage\",\"@id\":\"https:\\\/\\\/astrosolsones.com\\\/t1_e20_-cau-la-nit-al-castell_congres-photonit\\\/\",\"url\":\"https:\\\/\\\/astrosolsones.com\\\/t1_e20_-cau-la-nit-al-castell_congres-photonit\\\/\",\"name\":\"T1_E20_ Cau la nit al castell_Congr\u00e9s Photonit - Astronom\u00eda en el Solson\u00e8s\",\"isPartOf\":{\"@id\":\"https:\\\/\\\/astrosolsones.com\\\/#website\"},\"primaryImageOfPage\":{\"@id\":\"https:\\\/\\\/astrosolsones.com\\\/t1_e20_-cau-la-nit-al-castell_congres-photonit\\\/#primaryimage\"},\"image\":{\"@id\":\"https:\\\/\\\/astrosolsones.com\\\/t1_e20_-cau-la-nit-al-castell_congres-photonit\\\/#primaryimage\"},\"thumbnailUrl\":\"https:\\\/\\\/astrosolsones.com\\\/wp-content\\\/uploads\\\/2024\\\/06\\\/IMG-20240608-WA0008_retallada-814x1024.jpg\",\"datePublished\":\"2024-06-17T08:43:29+00:00\",\"dateModified\":\"2024-06-17T08:43:30+00:00\",\"breadcrumb\":{\"@id\":\"https:\\\/\\\/astrosolsones.com\\\/t1_e20_-cau-la-nit-al-castell_congres-photonit\\\/#breadcrumb\"},\"inLanguage\":\"es\",\"potentialAction\":[{\"@type\":\"ReadAction\",\"target\":[\"https:\\\/\\\/astrosolsones.com\\\/t1_e20_-cau-la-nit-al-castell_congres-photonit\\\/\"]}]},{\"@type\":\"ImageObject\",\"inLanguage\":\"es\",\"@id\":\"https:\\\/\\\/astrosolsones.com\\\/t1_e20_-cau-la-nit-al-castell_congres-photonit\\\/#primaryimage\",\"url\":\"https:\\\/\\\/astrosolsones.com\\\/wp-content\\\/uploads\\\/2024\\\/06\\\/IMG-20240608-WA0008_retallada-814x1024.jpg\",\"contentUrl\":\"https:\\\/\\\/astrosolsones.com\\\/wp-content\\\/uploads\\\/2024\\\/06\\\/IMG-20240608-WA0008_retallada-814x1024.jpg\"},{\"@type\":\"BreadcrumbList\",\"@id\":\"https:\\\/\\\/astrosolsones.com\\\/t1_e20_-cau-la-nit-al-castell_congres-photonit\\\/#breadcrumb\",\"itemListElement\":[{\"@type\":\"ListItem\",\"position\":1,\"name\":\"Home\",\"item\":\"https:\\\/\\\/astrosolsones.com\\\/\"},{\"@type\":\"ListItem\",\"position\":2,\"name\":\"T1_E20_ Cau la nit al castell_Congr\u00e9s Photonit\"}]},{\"@type\":\"WebSite\",\"@id\":\"https:\\\/\\\/astrosolsones.com\\\/#website\",\"url\":\"https:\\\/\\\/astrosolsones.com\\\/\",\"name\":\"Astronomia al Solson\u00e8s\",\"description\":\"Observaci\u00f3n de estrellas, constelaciones y planetas Astroturismo\",\"publisher\":{\"@id\":\"https:\\\/\\\/astrosolsones.com\\\/#organization\"},\"potentialAction\":[{\"@type\":\"SearchAction\",\"target\":{\"@type\":\"EntryPoint\",\"urlTemplate\":\"https:\\\/\\\/astrosolsones.com\\\/?s={search_term_string}\"},\"query-input\":{\"@type\":\"PropertyValueSpecification\",\"valueRequired\":true,\"valueName\":\"search_term_string\"}}],\"inLanguage\":\"es\"},{\"@type\":\"Organization\",\"@id\":\"https:\\\/\\\/astrosolsones.com\\\/#organization\",\"name\":\"Astronomia al Solson\u00e8s\",\"url\":\"https:\\\/\\\/astrosolsones.com\\\/\",\"logo\":{\"@type\":\"ImageObject\",\"inLanguage\":\"es\",\"@id\":\"https:\\\/\\\/astrosolsones.com\\\/#\\\/schema\\\/logo\\\/image\\\/\",\"url\":\"https:\\\/\\\/astrosolsones.com\\\/wp-content\\\/uploads\\\/2024\\\/06\\\/Logo-Astrosolsones-fons-blanc.png\",\"contentUrl\":\"https:\\\/\\\/astrosolsones.com\\\/wp-content\\\/uploads\\\/2024\\\/06\\\/Logo-Astrosolsones-fons-blanc.png\",\"width\":1983,\"height\":1640,\"caption\":\"Astronomia al Solson\u00e8s\"},\"image\":{\"@id\":\"https:\\\/\\\/astrosolsones.com\\\/#\\\/schema\\\/logo\\\/image\\\/\"},\"sameAs\":[\"https:\\\/\\\/www.instagram.com\\\/astrosolsones\\\/\"]},{\"@type\":\"Person\",\"@id\":\"https:\\\/\\\/astrosolsones.com\\\/#\\\/schema\\\/person\\\/e8bfdc5f19c39a536f638748180c1e25\",\"name\":\"master\",\"image\":{\"@type\":\"ImageObject\",\"inLanguage\":\"es\",\"@id\":\"https:\\\/\\\/secure.gravatar.com\\\/avatar\\\/41a47ed12e956c548b5b7357f18afea7bfc64375f1237489a769fe8fdc510449?s=96&d=mm&r=g\",\"url\":\"https:\\\/\\\/secure.gravatar.com\\\/avatar\\\/41a47ed12e956c548b5b7357f18afea7bfc64375f1237489a769fe8fdc510449?s=96&d=mm&r=g\",\"contentUrl\":\"https:\\\/\\\/secure.gravatar.com\\\/avatar\\\/41a47ed12e956c548b5b7357f18afea7bfc64375f1237489a769fe8fdc510449?s=96&d=mm&r=g\",\"caption\":\"master\"},\"url\":\"https:\\\/\\\/astrosolsones.com\\\/es\\\/author\\\/admin9950\\\/\"}]}<\/script>\n<!-- \/ Yoast SEO plugin. -->","yoast_head_json":{"title":"T1_E20_ Cau la nit al castell_Congr\u00e9s Photonit - Astronom\u00eda en el Solson\u00e8s","robots":{"index":"index","follow":"follow","max-snippet":"max-snippet:-1","max-image-preview":"max-image-preview:large","max-video-preview":"max-video-preview:-1"},"canonical":"https:\/\/astrosolsones.com\/t1_e20_-cau-la-nit-al-castell_congres-photonit\/","og_locale":"es_ES","og_type":"article","og_title":"T1_E20_ Cau la nit al castell_Congr\u00e9s Photonit - Astronom\u00eda en el Solson\u00e8s","og_url":"https:\/\/astrosolsones.com\/t1_e20_-cau-la-nit-al-castell_congres-photonit\/","og_site_name":"Astronom\u00eda en el Solson\u00e8s","article_published_time":"2024-06-17T08:43:29+00:00","article_modified_time":"2024-06-17T08:43:30+00:00","og_image":[{"url":"https:\/\/astrosolsones.com\/wp-content\/uploads\/2024\/06\/IMG-20240608-WA0008_retallada-814x1024.jpg","type":"","width":"","height":""}],"author":"master","twitter_card":"summary_large_image","twitter_misc":{"Escrito por":"master","Tiempo de lectura":"1 minuto"},"schema":{"@context":"https:\/\/schema.org","@graph":[{"@type":"Article","@id":"https:\/\/astrosolsones.com\/t1_e20_-cau-la-nit-al-castell_congres-photonit\/#article","isPartOf":{"@id":"https:\/\/astrosolsones.com\/t1_e20_-cau-la-nit-al-castell_congres-photonit\/"},"author":{"name":"master","@id":"https:\/\/astrosolsones.com\/#\/schema\/person\/e8bfdc5f19c39a536f638748180c1e25"},"headline":"T1_E20_ Cau la nit al castell_Congr\u00e9s Photonit","datePublished":"2024-06-17T08:43:29+00:00","dateModified":"2024-06-17T08:43:30+00:00","mainEntityOfPage":{"@id":"https:\/\/astrosolsones.com\/t1_e20_-cau-la-nit-al-castell_congres-photonit\/"},"wordCount":183,"commentCount":0,"publisher":{"@id":"https:\/\/astrosolsones.com\/#organization"},"image":{"@id":"https:\/\/astrosolsones.com\/t1_e20_-cau-la-nit-al-castell_congres-photonit\/#primaryimage"},"thumbnailUrl":"https:\/\/astrosolsones.com\/wp-content\/uploads\/2024\/06\/IMG-20240608-WA0008_retallada-814x1024.jpg","articleSection":["cau la nit"],"inLanguage":"es","potentialAction":[{"@type":"CommentAction","name":"Comment","target":["https:\/\/astrosolsones.com\/t1_e20_-cau-la-nit-al-castell_congres-photonit\/#respond"]}]},{"@type":"WebPage","@id":"https:\/\/astrosolsones.com\/t1_e20_-cau-la-nit-al-castell_congres-photonit\/","url":"https:\/\/astrosolsones.com\/t1_e20_-cau-la-nit-al-castell_congres-photonit\/","name":"T1_E20_ Cau la nit al castell_Congr\u00e9s Photonit - Astronom\u00eda en el Solson\u00e8s","isPartOf":{"@id":"https:\/\/astrosolsones.com\/#website"},"primaryImageOfPage":{"@id":"https:\/\/astrosolsones.com\/t1_e20_-cau-la-nit-al-castell_congres-photonit\/#primaryimage"},"image":{"@id":"https:\/\/astrosolsones.com\/t1_e20_-cau-la-nit-al-castell_congres-photonit\/#primaryimage"},"thumbnailUrl":"https:\/\/astrosolsones.com\/wp-content\/uploads\/2024\/06\/IMG-20240608-WA0008_retallada-814x1024.jpg","datePublished":"2024-06-17T08:43:29+00:00","dateModified":"2024-06-17T08:43:30+00:00","breadcrumb":{"@id":"https:\/\/astrosolsones.com\/t1_e20_-cau-la-nit-al-castell_congres-photonit\/#breadcrumb"},"inLanguage":"es","potentialAction":[{"@type":"ReadAction","target":["https:\/\/astrosolsones.com\/t1_e20_-cau-la-nit-al-castell_congres-photonit\/"]}]},{"@type":"ImageObject","inLanguage":"es","@id":"https:\/\/astrosolsones.com\/t1_e20_-cau-la-nit-al-castell_congres-photonit\/#primaryimage","url":"https:\/\/astrosolsones.com\/wp-content\/uploads\/2024\/06\/IMG-20240608-WA0008_retallada-814x1024.jpg","contentUrl":"https:\/\/astrosolsones.com\/wp-content\/uploads\/2024\/06\/IMG-20240608-WA0008_retallada-814x1024.jpg"},{"@type":"BreadcrumbList","@id":"https:\/\/astrosolsones.com\/t1_e20_-cau-la-nit-al-castell_congres-photonit\/#breadcrumb","itemListElement":[{"@type":"ListItem","position":1,"name":"Home","item":"https:\/\/astrosolsones.com\/"},{"@type":"ListItem","position":2,"name":"T1_E20_ Cau la nit al castell_Congr\u00e9s Photonit"}]},{"@type":"WebSite","@id":"https:\/\/astrosolsones.com\/#website","url":"https:\/\/astrosolsones.com\/","name":"Astronomia al Solson\u00e8s","description":"Observaci\u00f3n de estrellas, constelaciones y planetas Astroturismo","publisher":{"@id":"https:\/\/astrosolsones.com\/#organization"},"potentialAction":[{"@type":"SearchAction","target":{"@type":"EntryPoint","urlTemplate":"https:\/\/astrosolsones.com\/?s={search_term_string}"},"query-input":{"@type":"PropertyValueSpecification","valueRequired":true,"valueName":"search_term_string"}}],"inLanguage":"es"},{"@type":"Organization","@id":"https:\/\/astrosolsones.com\/#organization","name":"Astronomia al Solson\u00e8s","url":"https:\/\/astrosolsones.com\/","logo":{"@type":"ImageObject","inLanguage":"es","@id":"https:\/\/astrosolsones.com\/#\/schema\/logo\/image\/","url":"https:\/\/astrosolsones.com\/wp-content\/uploads\/2024\/06\/Logo-Astrosolsones-fons-blanc.png","contentUrl":"https:\/\/astrosolsones.com\/wp-content\/uploads\/2024\/06\/Logo-Astrosolsones-fons-blanc.png","width":1983,"height":1640,"caption":"Astronomia al Solson\u00e8s"},"image":{"@id":"https:\/\/astrosolsones.com\/#\/schema\/logo\/image\/"},"sameAs":["https:\/\/www.instagram.com\/astrosolsones\/"]},{"@type":"Person","@id":"https:\/\/astrosolsones.com\/#\/schema\/person\/e8bfdc5f19c39a536f638748180c1e25","name":"master","image":{"@type":"ImageObject","inLanguage":"es","@id":"https:\/\/secure.gravatar.com\/avatar\/41a47ed12e956c548b5b7357f18afea7bfc64375f1237489a769fe8fdc510449?s=96&d=mm&r=g","url":"https:\/\/secure.gravatar.com\/avatar\/41a47ed12e956c548b5b7357f18afea7bfc64375f1237489a769fe8fdc510449?s=96&d=mm&r=g","contentUrl":"https:\/\/secure.gravatar.com\/avatar\/41a47ed12e956c548b5b7357f18afea7bfc64375f1237489a769fe8fdc510449?s=96&d=mm&r=g","caption":"master"},"url":"https:\/\/astrosolsones.com\/es\/author\/admin9950\/"}]}},"_links":{"self":[{"href":"https:\/\/astrosolsones.com\/es\/wp-json\/wp\/v2\/posts\/697","targetHints":{"allow":["GET"]}}],"collection":[{"href":"https:\/\/astrosolsones.com\/es\/wp-json\/wp\/v2\/posts"}],"about":[{"href":"https:\/\/astrosolsones.com\/es\/wp-json\/wp\/v2\/types\/post"}],"author":[{"embeddable":true,"href":"https:\/\/astrosolsones.com\/es\/wp-json\/wp\/v2\/users\/1"}],"replies":[{"embeddable":true,"href":"https:\/\/astrosolsones.com\/es\/wp-json\/wp\/v2\/comments?post=697"}],"version-history":[{"count":1,"href":"https:\/\/astrosolsones.com\/es\/wp-json\/wp\/v2\/posts\/697\/revisions"}],"predecessor-version":[{"id":700,"href":"https:\/\/astrosolsones.com\/es\/wp-json\/wp\/v2\/posts\/697\/revisions\/700"}],"wp:attachment":[{"href":"https:\/\/astrosolsones.com\/es\/wp-json\/wp\/v2\/media?parent=697"}],"wp:term":[{"taxonomy":"category","embeddable":true,"href":"https:\/\/astrosolsones.com\/es\/wp-json\/wp\/v2\/categories?post=697"},{"taxonomy":"post_tag","embeddable":true,"href":"https:\/\/astrosolsones.com\/es\/wp-json\/wp\/v2\/tags?post=697"}],"curies":[{"name":"wp","href":"https:\/\/api.w.org\/{rel}","templated":true}]}}