{"id":658,"date":"2024-05-04T10:48:29","date_gmt":"2024-05-04T08:48:29","guid":{"rendered":"https:\/\/astrosolsones.com\/?p=658"},"modified":"2024-05-04T10:51:07","modified_gmt":"2024-05-04T08:51:07","slug":"t1_e14_-cau-la-nit-al-castell_fases-de-la-lluna","status":"publish","type":"post","link":"https:\/\/astrosolsones.com\/es\/t1_e14_-cau-la-nit-al-castell_fases-de-la-lluna\/","title":{"rendered":"T1_E14_ Cau la nit al castell_Fases de la Lluna"},"content":{"rendered":"<div class=\"wp-block-image\">\n<figure class=\"aligncenter size-full\"><img loading=\"lazy\" decoding=\"async\" width=\"800\" height=\"800\" src=\"https:\/\/astrosolsones.com\/wp-content\/uploads\/2024\/05\/GDI02.05_LR-800x800-1.jpg\" alt=\"Esquema de com visualitzem la Lluna des dels diferentes hemiferis\" class=\"wp-image-659\" srcset=\"https:\/\/astrosolsones.com\/wp-content\/uploads\/2024\/05\/GDI02.05_LR-800x800-1.jpg 800w, https:\/\/astrosolsones.com\/wp-content\/uploads\/2024\/05\/GDI02.05_LR-800x800-1-300x300.jpg 300w, https:\/\/astrosolsones.com\/wp-content\/uploads\/2024\/05\/GDI02.05_LR-800x800-1-150x150.jpg 150w, https:\/\/astrosolsones.com\/wp-content\/uploads\/2024\/05\/GDI02.05_LR-800x800-1-768x768.jpg 768w, https:\/\/astrosolsones.com\/wp-content\/uploads\/2024\/05\/GDI02.05_LR-800x800-1-100x100.jpg 100w\" sizes=\"auto, (max-width: 706px) 89vw, (max-width: 767px) 82vw, 740px\" \/><figcaption class=\"wp-element-caption\">Com es veu la Lluna \u00a9 Fundaci\u00f3n Descubre<\/figcaption><\/figure>\n<\/div>\n\n\n<p>P\u00f2dcast sobre astronomia coproduit per Solsona FM i Jordi Fraxanet amb l\u2019acompanyament expert del Centre Astron\u00f2mic del Castell de Lladurs.<\/p>\n\n\n\n<p>Comen\u00e7arem el programa d\u2019avui amb la secci\u00f3 de novetats astron\u00f2miques que ser\u00e0 sobre el llan\u00e7ament de la Nasa d\u2019una nau propulsada amb una vela solar.&nbsp;<\/p>\n\n\n\n<p>Seguir\u00e0 l\u2019agenda astron\u00f2mica de la propera setmana.&nbsp;<\/p>\n\n\n\n<p>I acabarem amb el tema de la setmana entrevistant a David Galad\u00ed sobre el nostre sat\u00e8l\u00b7lit, la Lluna, Ell ens explicar\u00e0 perqu\u00e8 veiem les fases de la Lluna i ens recomanar\u00e0 unes fitxes divulgatives sobre astronom\u00eca b\u00e0sica .<\/p>\n\n\n\n<p><audio class=\"wp-audio-shortcode\" id=\"audio-658-1\" preload=\"none\" style=\"width: 100%;\" controls=\"controls\"><source type=\"audio\/mpeg\" src=\"https:\/\/www.ivoox.com\/t1-e14-cau-nit-al-castell-fases-la_md_128428704_wp_1.mp3?_=1\" \/><a href=\"https:\/\/www.ivoox.com\/t1-e14-cau-nit-al-castell-fases-la_md_128428704_wp_1.mp3\">https:\/\/www.ivoox.com\/t1-e14-cau-nit-al-castell-fases-la_md_128428704_wp_1.mp3<\/a><\/audio> <a href=\"https:\/\/go.ivoox.com\/rf\/128428704\">Ir a descargar<\/a><\/p>\n\n\n\n<p>&nbsp;Sabeu qu\u00e8 fa moure a una vela solar ?&nbsp; Fins a quina hora hem d\u2019esperar per veure el cor de la V\u00eda L\u00e0ctia per sobre de l\u2019horitz\u00f3? I es veu diferent la Lluna segons l\u2019hemisferi en que estiguis? escolteu el programa fins al final i ho sabreu.<\/p>\n\n\n\n<p>Contacte amb el centre astron\u00f2mic: info@astrosolsones.com<\/p>\n","protected":false},"excerpt":{"rendered":"<p>P\u00f2dcast sobre astronomia coproduit per Solsona FM i Jordi Fraxanet amb l\u2019acompanyament expert del Centre Astron\u00f2mic del Castell de Lladurs. Comen\u00e7arem el programa d\u2019avui amb la secci\u00f3 de novetats astron\u00f2miques que ser\u00e0 sobre el llan\u00e7ament de la Nasa d\u2019una nau propulsada amb una vela solar.&nbsp; Seguir\u00e0 l\u2019agenda astron\u00f2mica de la propera setmana.&nbsp; I acabarem amb &hellip; <\/p>\n<p class=\"link-more\"><a href=\"https:\/\/astrosolsones.com\/es\/t1_e14_-cau-la-nit-al-castell_fases-de-la-lluna\/\" class=\"more-link\">Continuar leyendo<span class=\"screen-reader-text\"> \u00abT1_E14_ Cau la nit al castell_Fases de la Lluna\u00bb<\/span><\/a><\/p>\n","protected":false},"author":1,"featured_media":0,"comment_status":"open","ping_status":"open","sticky":false,"template":"","format":"standard","meta":{"footnotes":""},"categories":[20],"tags":[],"class_list":["post-658","post","type-post","status-publish","format-standard","hentry","category-cau-la-nit"],"translation":{"provider":"WPGlobus","version":"3.0.2","language":"es","enabled_languages":["ca","es","en"],"languages":{"ca":{"title":true,"content":true,"excerpt":false},"es":{"title":false,"content":false,"excerpt":false},"en":{"title":false,"content":false,"excerpt":false}}},"yoast_head":"<!-- This site is optimized with the Yoast SEO plugin v27.5 - https:\/\/yoast.com\/product\/yoast-seo-wordpress\/ -->\n<title>T1_E14_ Cau la nit al castell_Fases de la Lluna - Astronom\u00eda en el Solson\u00e8s<\/title>\n<meta name=\"robots\" content=\"index, follow, max-snippet:-1, max-image-preview:large, max-video-preview:-1\" \/>\n<link rel=\"canonical\" href=\"https:\/\/astrosolsones.com\/t1_e14_-cau-la-nit-al-castell_fases-de-la-lluna\/\" \/>\n<meta property=\"og:locale\" content=\"es_ES\" \/>\n<meta property=\"og:type\" content=\"article\" \/>\n<meta property=\"og:title\" content=\"T1_E14_ Cau la nit al castell_Fases de la Lluna - Astronom\u00eda en el Solson\u00e8s\" \/>\n<meta property=\"og:url\" content=\"https:\/\/astrosolsones.com\/t1_e14_-cau-la-nit-al-castell_fases-de-la-lluna\/\" \/>\n<meta property=\"og:site_name\" content=\"Astronom\u00eda en el Solson\u00e8s\" \/>\n<meta property=\"article:published_time\" content=\"2024-05-04T08:48:29+00:00\" \/>\n<meta property=\"article:modified_time\" content=\"2024-05-04T08:51:07+00:00\" \/>\n<meta property=\"og:image\" content=\"https:\/\/astrosolsones.com\/wp-content\/uploads\/2024\/05\/GDI02.05_LR-800x800-1.jpg\" \/>\n<meta name=\"author\" content=\"master\" \/>\n<meta name=\"twitter:card\" content=\"summary_large_image\" \/>\n<meta name=\"twitter:label1\" content=\"Escrito por\" \/>\n\t<meta name=\"twitter:data1\" content=\"master\" \/>\n\t<meta name=\"twitter:label2\" content=\"Tiempo de lectura\" \/>\n\t<meta name=\"twitter:data2\" content=\"1 minuto\" \/>\n<script type=\"application\/ld+json\" class=\"yoast-schema-graph\">{\"@context\":\"https:\\\/\\\/schema.org\",\"@graph\":[{\"@type\":\"Article\",\"@id\":\"https:\\\/\\\/astrosolsones.com\\\/t1_e14_-cau-la-nit-al-castell_fases-de-la-lluna\\\/#article\",\"isPartOf\":{\"@id\":\"https:\\\/\\\/astrosolsones.com\\\/t1_e14_-cau-la-nit-al-castell_fases-de-la-lluna\\\/\"},\"author\":{\"name\":\"master\",\"@id\":\"https:\\\/\\\/astrosolsones.com\\\/#\\\/schema\\\/person\\\/e8bfdc5f19c39a536f638748180c1e25\"},\"headline\":\"T1_E14_ Cau la nit al castell_Fases de la Lluna\",\"datePublished\":\"2024-05-04T08:48:29+00:00\",\"dateModified\":\"2024-05-04T08:51:07+00:00\",\"mainEntityOfPage\":{\"@id\":\"https:\\\/\\\/astrosolsones.com\\\/t1_e14_-cau-la-nit-al-castell_fases-de-la-lluna\\\/\"},\"wordCount\":201,\"commentCount\":0,\"publisher\":{\"@id\":\"https:\\\/\\\/astrosolsones.com\\\/#organization\"},\"image\":{\"@id\":\"https:\\\/\\\/astrosolsones.com\\\/t1_e14_-cau-la-nit-al-castell_fases-de-la-lluna\\\/#primaryimage\"},\"thumbnailUrl\":\"https:\\\/\\\/astrosolsones.com\\\/wp-content\\\/uploads\\\/2024\\\/05\\\/GDI02.05_LR-800x800-1.jpg\",\"articleSection\":[\"cau la nit\"],\"inLanguage\":\"es\",\"potentialAction\":[{\"@type\":\"CommentAction\",\"name\":\"Comment\",\"target\":[\"https:\\\/\\\/astrosolsones.com\\\/t1_e14_-cau-la-nit-al-castell_fases-de-la-lluna\\\/#respond\"]}]},{\"@type\":\"WebPage\",\"@id\":\"https:\\\/\\\/astrosolsones.com\\\/t1_e14_-cau-la-nit-al-castell_fases-de-la-lluna\\\/\",\"url\":\"https:\\\/\\\/astrosolsones.com\\\/t1_e14_-cau-la-nit-al-castell_fases-de-la-lluna\\\/\",\"name\":\"T1_E14_ Cau la nit al castell_Fases de la Lluna - Astronom\u00eda en el Solson\u00e8s\",\"isPartOf\":{\"@id\":\"https:\\\/\\\/astrosolsones.com\\\/#website\"},\"primaryImageOfPage\":{\"@id\":\"https:\\\/\\\/astrosolsones.com\\\/t1_e14_-cau-la-nit-al-castell_fases-de-la-lluna\\\/#primaryimage\"},\"image\":{\"@id\":\"https:\\\/\\\/astrosolsones.com\\\/t1_e14_-cau-la-nit-al-castell_fases-de-la-lluna\\\/#primaryimage\"},\"thumbnailUrl\":\"https:\\\/\\\/astrosolsones.com\\\/wp-content\\\/uploads\\\/2024\\\/05\\\/GDI02.05_LR-800x800-1.jpg\",\"datePublished\":\"2024-05-04T08:48:29+00:00\",\"dateModified\":\"2024-05-04T08:51:07+00:00\",\"breadcrumb\":{\"@id\":\"https:\\\/\\\/astrosolsones.com\\\/t1_e14_-cau-la-nit-al-castell_fases-de-la-lluna\\\/#breadcrumb\"},\"inLanguage\":\"es\",\"potentialAction\":[{\"@type\":\"ReadAction\",\"target\":[\"https:\\\/\\\/astrosolsones.com\\\/t1_e14_-cau-la-nit-al-castell_fases-de-la-lluna\\\/\"]}]},{\"@type\":\"ImageObject\",\"inLanguage\":\"es\",\"@id\":\"https:\\\/\\\/astrosolsones.com\\\/t1_e14_-cau-la-nit-al-castell_fases-de-la-lluna\\\/#primaryimage\",\"url\":\"https:\\\/\\\/astrosolsones.com\\\/wp-content\\\/uploads\\\/2024\\\/05\\\/GDI02.05_LR-800x800-1.jpg\",\"contentUrl\":\"https:\\\/\\\/astrosolsones.com\\\/wp-content\\\/uploads\\\/2024\\\/05\\\/GDI02.05_LR-800x800-1.jpg\"},{\"@type\":\"BreadcrumbList\",\"@id\":\"https:\\\/\\\/astrosolsones.com\\\/t1_e14_-cau-la-nit-al-castell_fases-de-la-lluna\\\/#breadcrumb\",\"itemListElement\":[{\"@type\":\"ListItem\",\"position\":1,\"name\":\"Home\",\"item\":\"https:\\\/\\\/astrosolsones.com\\\/\"},{\"@type\":\"ListItem\",\"position\":2,\"name\":\"T1_E14_ Cau la nit al castell_Fases de la Lluna\"}]},{\"@type\":\"WebSite\",\"@id\":\"https:\\\/\\\/astrosolsones.com\\\/#website\",\"url\":\"https:\\\/\\\/astrosolsones.com\\\/\",\"name\":\"Astronomia al Solson\u00e8s\",\"description\":\"Observaci\u00f3n de estrellas, constelaciones y planetas Astroturismo\",\"publisher\":{\"@id\":\"https:\\\/\\\/astrosolsones.com\\\/#organization\"},\"potentialAction\":[{\"@type\":\"SearchAction\",\"target\":{\"@type\":\"EntryPoint\",\"urlTemplate\":\"https:\\\/\\\/astrosolsones.com\\\/?s={search_term_string}\"},\"query-input\":{\"@type\":\"PropertyValueSpecification\",\"valueRequired\":true,\"valueName\":\"search_term_string\"}}],\"inLanguage\":\"es\"},{\"@type\":\"Organization\",\"@id\":\"https:\\\/\\\/astrosolsones.com\\\/#organization\",\"name\":\"Astronomia al Solson\u00e8s\",\"url\":\"https:\\\/\\\/astrosolsones.com\\\/\",\"logo\":{\"@type\":\"ImageObject\",\"inLanguage\":\"es\",\"@id\":\"https:\\\/\\\/astrosolsones.com\\\/#\\\/schema\\\/logo\\\/image\\\/\",\"url\":\"https:\\\/\\\/astrosolsones.com\\\/wp-content\\\/uploads\\\/2024\\\/06\\\/Logo-Astrosolsones-fons-blanc.png\",\"contentUrl\":\"https:\\\/\\\/astrosolsones.com\\\/wp-content\\\/uploads\\\/2024\\\/06\\\/Logo-Astrosolsones-fons-blanc.png\",\"width\":1983,\"height\":1640,\"caption\":\"Astronomia al Solson\u00e8s\"},\"image\":{\"@id\":\"https:\\\/\\\/astrosolsones.com\\\/#\\\/schema\\\/logo\\\/image\\\/\"},\"sameAs\":[\"https:\\\/\\\/www.instagram.com\\\/astrosolsones\\\/\"]},{\"@type\":\"Person\",\"@id\":\"https:\\\/\\\/astrosolsones.com\\\/#\\\/schema\\\/person\\\/e8bfdc5f19c39a536f638748180c1e25\",\"name\":\"master\",\"image\":{\"@type\":\"ImageObject\",\"inLanguage\":\"es\",\"@id\":\"https:\\\/\\\/secure.gravatar.com\\\/avatar\\\/41a47ed12e956c548b5b7357f18afea7bfc64375f1237489a769fe8fdc510449?s=96&d=mm&r=g\",\"url\":\"https:\\\/\\\/secure.gravatar.com\\\/avatar\\\/41a47ed12e956c548b5b7357f18afea7bfc64375f1237489a769fe8fdc510449?s=96&d=mm&r=g\",\"contentUrl\":\"https:\\\/\\\/secure.gravatar.com\\\/avatar\\\/41a47ed12e956c548b5b7357f18afea7bfc64375f1237489a769fe8fdc510449?s=96&d=mm&r=g\",\"caption\":\"master\"},\"url\":\"https:\\\/\\\/astrosolsones.com\\\/es\\\/author\\\/admin9950\\\/\"}]}<\/script>\n<!-- \/ Yoast SEO plugin. -->","yoast_head_json":{"title":"T1_E14_ Cau la nit al castell_Fases de la Lluna - Astronom\u00eda en el Solson\u00e8s","robots":{"index":"index","follow":"follow","max-snippet":"max-snippet:-1","max-image-preview":"max-image-preview:large","max-video-preview":"max-video-preview:-1"},"canonical":"https:\/\/astrosolsones.com\/t1_e14_-cau-la-nit-al-castell_fases-de-la-lluna\/","og_locale":"es_ES","og_type":"article","og_title":"T1_E14_ Cau la nit al castell_Fases de la Lluna - Astronom\u00eda en el Solson\u00e8s","og_url":"https:\/\/astrosolsones.com\/t1_e14_-cau-la-nit-al-castell_fases-de-la-lluna\/","og_site_name":"Astronom\u00eda en el Solson\u00e8s","article_published_time":"2024-05-04T08:48:29+00:00","article_modified_time":"2024-05-04T08:51:07+00:00","og_image":[{"url":"https:\/\/astrosolsones.com\/wp-content\/uploads\/2024\/05\/GDI02.05_LR-800x800-1.jpg","type":"","width":"","height":""}],"author":"master","twitter_card":"summary_large_image","twitter_misc":{"Escrito por":"master","Tiempo de lectura":"1 minuto"},"schema":{"@context":"https:\/\/schema.org","@graph":[{"@type":"Article","@id":"https:\/\/astrosolsones.com\/t1_e14_-cau-la-nit-al-castell_fases-de-la-lluna\/#article","isPartOf":{"@id":"https:\/\/astrosolsones.com\/t1_e14_-cau-la-nit-al-castell_fases-de-la-lluna\/"},"author":{"name":"master","@id":"https:\/\/astrosolsones.com\/#\/schema\/person\/e8bfdc5f19c39a536f638748180c1e25"},"headline":"T1_E14_ Cau la nit al castell_Fases de la Lluna","datePublished":"2024-05-04T08:48:29+00:00","dateModified":"2024-05-04T08:51:07+00:00","mainEntityOfPage":{"@id":"https:\/\/astrosolsones.com\/t1_e14_-cau-la-nit-al-castell_fases-de-la-lluna\/"},"wordCount":201,"commentCount":0,"publisher":{"@id":"https:\/\/astrosolsones.com\/#organization"},"image":{"@id":"https:\/\/astrosolsones.com\/t1_e14_-cau-la-nit-al-castell_fases-de-la-lluna\/#primaryimage"},"thumbnailUrl":"https:\/\/astrosolsones.com\/wp-content\/uploads\/2024\/05\/GDI02.05_LR-800x800-1.jpg","articleSection":["cau la nit"],"inLanguage":"es","potentialAction":[{"@type":"CommentAction","name":"Comment","target":["https:\/\/astrosolsones.com\/t1_e14_-cau-la-nit-al-castell_fases-de-la-lluna\/#respond"]}]},{"@type":"WebPage","@id":"https:\/\/astrosolsones.com\/t1_e14_-cau-la-nit-al-castell_fases-de-la-lluna\/","url":"https:\/\/astrosolsones.com\/t1_e14_-cau-la-nit-al-castell_fases-de-la-lluna\/","name":"T1_E14_ Cau la nit al castell_Fases de la Lluna - Astronom\u00eda en el Solson\u00e8s","isPartOf":{"@id":"https:\/\/astrosolsones.com\/#website"},"primaryImageOfPage":{"@id":"https:\/\/astrosolsones.com\/t1_e14_-cau-la-nit-al-castell_fases-de-la-lluna\/#primaryimage"},"image":{"@id":"https:\/\/astrosolsones.com\/t1_e14_-cau-la-nit-al-castell_fases-de-la-lluna\/#primaryimage"},"thumbnailUrl":"https:\/\/astrosolsones.com\/wp-content\/uploads\/2024\/05\/GDI02.05_LR-800x800-1.jpg","datePublished":"2024-05-04T08:48:29+00:00","dateModified":"2024-05-04T08:51:07+00:00","breadcrumb":{"@id":"https:\/\/astrosolsones.com\/t1_e14_-cau-la-nit-al-castell_fases-de-la-lluna\/#breadcrumb"},"inLanguage":"es","potentialAction":[{"@type":"ReadAction","target":["https:\/\/astrosolsones.com\/t1_e14_-cau-la-nit-al-castell_fases-de-la-lluna\/"]}]},{"@type":"ImageObject","inLanguage":"es","@id":"https:\/\/astrosolsones.com\/t1_e14_-cau-la-nit-al-castell_fases-de-la-lluna\/#primaryimage","url":"https:\/\/astrosolsones.com\/wp-content\/uploads\/2024\/05\/GDI02.05_LR-800x800-1.jpg","contentUrl":"https:\/\/astrosolsones.com\/wp-content\/uploads\/2024\/05\/GDI02.05_LR-800x800-1.jpg"},{"@type":"BreadcrumbList","@id":"https:\/\/astrosolsones.com\/t1_e14_-cau-la-nit-al-castell_fases-de-la-lluna\/#breadcrumb","itemListElement":[{"@type":"ListItem","position":1,"name":"Home","item":"https:\/\/astrosolsones.com\/"},{"@type":"ListItem","position":2,"name":"T1_E14_ Cau la nit al castell_Fases de la Lluna"}]},{"@type":"WebSite","@id":"https:\/\/astrosolsones.com\/#website","url":"https:\/\/astrosolsones.com\/","name":"Astronomia al Solson\u00e8s","description":"Observaci\u00f3n de estrellas, constelaciones y planetas Astroturismo","publisher":{"@id":"https:\/\/astrosolsones.com\/#organization"},"potentialAction":[{"@type":"SearchAction","target":{"@type":"EntryPoint","urlTemplate":"https:\/\/astrosolsones.com\/?s={search_term_string}"},"query-input":{"@type":"PropertyValueSpecification","valueRequired":true,"valueName":"search_term_string"}}],"inLanguage":"es"},{"@type":"Organization","@id":"https:\/\/astrosolsones.com\/#organization","name":"Astronomia al Solson\u00e8s","url":"https:\/\/astrosolsones.com\/","logo":{"@type":"ImageObject","inLanguage":"es","@id":"https:\/\/astrosolsones.com\/#\/schema\/logo\/image\/","url":"https:\/\/astrosolsones.com\/wp-content\/uploads\/2024\/06\/Logo-Astrosolsones-fons-blanc.png","contentUrl":"https:\/\/astrosolsones.com\/wp-content\/uploads\/2024\/06\/Logo-Astrosolsones-fons-blanc.png","width":1983,"height":1640,"caption":"Astronomia al Solson\u00e8s"},"image":{"@id":"https:\/\/astrosolsones.com\/#\/schema\/logo\/image\/"},"sameAs":["https:\/\/www.instagram.com\/astrosolsones\/"]},{"@type":"Person","@id":"https:\/\/astrosolsones.com\/#\/schema\/person\/e8bfdc5f19c39a536f638748180c1e25","name":"master","image":{"@type":"ImageObject","inLanguage":"es","@id":"https:\/\/secure.gravatar.com\/avatar\/41a47ed12e956c548b5b7357f18afea7bfc64375f1237489a769fe8fdc510449?s=96&d=mm&r=g","url":"https:\/\/secure.gravatar.com\/avatar\/41a47ed12e956c548b5b7357f18afea7bfc64375f1237489a769fe8fdc510449?s=96&d=mm&r=g","contentUrl":"https:\/\/secure.gravatar.com\/avatar\/41a47ed12e956c548b5b7357f18afea7bfc64375f1237489a769fe8fdc510449?s=96&d=mm&r=g","caption":"master"},"url":"https:\/\/astrosolsones.com\/es\/author\/admin9950\/"}]}},"_links":{"self":[{"href":"https:\/\/astrosolsones.com\/es\/wp-json\/wp\/v2\/posts\/658","targetHints":{"allow":["GET"]}}],"collection":[{"href":"https:\/\/astrosolsones.com\/es\/wp-json\/wp\/v2\/posts"}],"about":[{"href":"https:\/\/astrosolsones.com\/es\/wp-json\/wp\/v2\/types\/post"}],"author":[{"embeddable":true,"href":"https:\/\/astrosolsones.com\/es\/wp-json\/wp\/v2\/users\/1"}],"replies":[{"embeddable":true,"href":"https:\/\/astrosolsones.com\/es\/wp-json\/wp\/v2\/comments?post=658"}],"version-history":[{"count":2,"href":"https:\/\/astrosolsones.com\/es\/wp-json\/wp\/v2\/posts\/658\/revisions"}],"predecessor-version":[{"id":662,"href":"https:\/\/astrosolsones.com\/es\/wp-json\/wp\/v2\/posts\/658\/revisions\/662"}],"wp:attachment":[{"href":"https:\/\/astrosolsones.com\/es\/wp-json\/wp\/v2\/media?parent=658"}],"wp:term":[{"taxonomy":"category","embeddable":true,"href":"https:\/\/astrosolsones.com\/es\/wp-json\/wp\/v2\/categories?post=658"},{"taxonomy":"post_tag","embeddable":true,"href":"https:\/\/astrosolsones.com\/es\/wp-json\/wp\/v2\/tags?post=658"}],"curies":[{"name":"wp","href":"https:\/\/api.w.org\/{rel}","templated":true}]}}