{"id":645,"date":"2024-04-20T19:31:05","date_gmt":"2024-04-20T17:31:05","guid":{"rendered":"https:\/\/astrosolsones.com\/?p=645"},"modified":"2024-04-27T17:07:20","modified_gmt":"2024-04-27T15:07:20","slug":"t1_e11_-cau-la-nit-al-castell-astronomia-popular","status":"publish","type":"post","link":"https:\/\/astrosolsones.com\/es\/t1_e11_-cau-la-nit-al-castell-astronomia-popular\/","title":{"rendered":"T1_E12_Cau la nit al castell-Astronomia popular I"},"content":{"rendered":"<div class=\"wp-block-image\">\n<figure class=\"aligncenter size-large\"><img loading=\"lazy\" decoding=\"async\" width=\"1024\" height=\"707\" src=\"https:\/\/astrosolsones.com\/wp-content\/uploads\/2024\/04\/el-cel-primavera-i-estiu-Joan-Amades-1024x707.jpg\" alt=\"Croquis de les constel.lacions del cel\" class=\"wp-image-646\" srcset=\"https:\/\/astrosolsones.com\/wp-content\/uploads\/2024\/04\/el-cel-primavera-i-estiu-Joan-Amades-1024x707.jpg 1024w, https:\/\/astrosolsones.com\/wp-content\/uploads\/2024\/04\/el-cel-primavera-i-estiu-Joan-Amades-300x207.jpg 300w, https:\/\/astrosolsones.com\/wp-content\/uploads\/2024\/04\/el-cel-primavera-i-estiu-Joan-Amades-768x530.jpg 768w, https:\/\/astrosolsones.com\/wp-content\/uploads\/2024\/04\/el-cel-primavera-i-estiu-Joan-Amades-1536x1060.jpg 1536w, https:\/\/astrosolsones.com\/wp-content\/uploads\/2024\/04\/el-cel-primavera-i-estiu-Joan-Amades.jpg 1600w\" sizes=\"auto, (max-width: 706px) 89vw, (max-width: 767px) 82vw, 740px\" \/><\/figure>\n<\/div>\n\n\n<p>P\u00f2dcast sobre astronomia coproduit per Solsona FM i Jordi Fraxanet amb l\u2019acompanyament expert del Centre Astron\u00f2mic del Castell de Lladurs.<\/p>\n\n\n\n<p>Comen\u00e7arem el programa d\u2019avui amb la secci\u00f3 de novetats astron\u00f2miques que ser\u00e0 sobre el forat negre d\u2019origen estel.lar m\u00e9s massiu que s\u2019ha descobert fins ara a la Via L\u00e0ctia. seguir\u00e0 l\u2019agenda astron\u00f2mica de la propera setmana. I acabarem amb el tema de la setmana que ser\u00e0 sobre el astronomia popular. Sabrem com anomenaven els estels i les constel.lacions antigament a a Catalunya, el que es coneix com la saviesa popular de pagesos i pastors que es transmetia oralment i comptarem amb un testimoni que ens explicar\u00e0 els seus records. I tancarem ambi una recomanaci\u00f3 d\u2019un llibre per Sant Jordi.\u00a0<\/p>\n\n\n\n<p><audio class=\"wp-audio-shortcode\" id=\"audio-645-1\" preload=\"none\" style=\"width: 100%;\" controls=\"controls\"><source type=\"audio\/mpeg\" src=\"https:\/\/www.ivoox.com\/t1-e12-cau-nit-al-castell_md_127807135_wp_1.mp3?_=1\" \/><a href=\"https:\/\/www.ivoox.com\/t1-e12-cau-nit-al-castell_md_127807135_wp_1.mp3\">https:\/\/www.ivoox.com\/t1-e12-cau-nit-al-castell_md_127807135_wp_1.mp3<\/a><\/audio> <a href=\"https:\/\/go.ivoox.com\/rf\/127807135\">Ir a descargar<\/a><\/p>\n\n\n\n<p>Sabeu quina difer\u00e8ncia hi ha entre un forat negre estel.lar i els forats que est\u00e0n al centre de les gal\u00e0xies? Valdr\u00e0 la pena matinar per veure la pluja d\u2019estels de les Eta-Aqu\u00e0rides? I quin \u00e9s l\u2019estel Bover? continueu atents i escoltareu les respostes.<\/p>\n\n\n\n<p><\/p>\n\n\n\n<p>Llibre Estels al cel: <a href=\"https:\/\/amzn.to\/3xHumkh\" target=\"_blank\" rel=\"noreferrer noopener\">https:\/\/amzn.to\/3xHumkh<\/a><\/p>\n\n\n\n<p>Contacte amb el centre astron\u00f2mic: info@astrosolsones.com<\/p>\n","protected":false},"excerpt":{"rendered":"<p>P\u00f2dcast sobre astronomia coproduit per Solsona FM i Jordi Fraxanet amb l\u2019acompanyament expert del Centre Astron\u00f2mic del Castell de Lladurs. Comen\u00e7arem el programa d\u2019avui amb la secci\u00f3 de novetats astron\u00f2miques que ser\u00e0 sobre el forat negre d\u2019origen estel.lar m\u00e9s massiu que s\u2019ha descobert fins ara a la Via L\u00e0ctia. seguir\u00e0 l\u2019agenda astron\u00f2mica de la propera &hellip; <\/p>\n<p class=\"link-more\"><a href=\"https:\/\/astrosolsones.com\/es\/t1_e11_-cau-la-nit-al-castell-astronomia-popular\/\" class=\"more-link\">Continuar leyendo<span class=\"screen-reader-text\"> \u00abT1_E12_Cau la nit al castell-Astronomia popular I\u00bb<\/span><\/a><\/p>\n","protected":false},"author":1,"featured_media":0,"comment_status":"open","ping_status":"open","sticky":false,"template":"","format":"standard","meta":{"footnotes":""},"categories":[20],"tags":[],"class_list":["post-645","post","type-post","status-publish","format-standard","hentry","category-cau-la-nit"],"translation":{"provider":"WPGlobus","version":"3.0.2","language":"es","enabled_languages":["ca","es","en"],"languages":{"ca":{"title":true,"content":true,"excerpt":false},"es":{"title":false,"content":false,"excerpt":false},"en":{"title":false,"content":false,"excerpt":false}}},"yoast_head":"<!-- This site is optimized with the Yoast SEO plugin v27.5 - https:\/\/yoast.com\/product\/yoast-seo-wordpress\/ -->\n<title>T1_E12_Cau la nit al castell-Astronomia popular I - Astronom\u00eda en el Solson\u00e8s<\/title>\n<meta name=\"robots\" content=\"index, follow, max-snippet:-1, max-image-preview:large, max-video-preview:-1\" \/>\n<link rel=\"canonical\" href=\"https:\/\/astrosolsones.com\/t1_e11_-cau-la-nit-al-castell-astronomia-popular\/\" \/>\n<meta property=\"og:locale\" content=\"es_ES\" \/>\n<meta property=\"og:type\" content=\"article\" \/>\n<meta property=\"og:title\" content=\"T1_E12_Cau la nit al castell-Astronomia popular I - Astronom\u00eda en el Solson\u00e8s\" \/>\n<meta property=\"og:url\" content=\"https:\/\/astrosolsones.com\/t1_e11_-cau-la-nit-al-castell-astronomia-popular\/\" \/>\n<meta property=\"og:site_name\" content=\"Astronom\u00eda en el Solson\u00e8s\" \/>\n<meta property=\"article:published_time\" content=\"2024-04-20T17:31:05+00:00\" \/>\n<meta property=\"article:modified_time\" content=\"2024-04-27T15:07:20+00:00\" \/>\n<meta property=\"og:image\" content=\"https:\/\/astrosolsones.com\/wp-content\/uploads\/2024\/04\/el-cel-primavera-i-estiu-Joan-Amades-1024x707.jpg\" \/>\n<meta name=\"author\" content=\"master\" \/>\n<meta name=\"twitter:card\" content=\"summary_large_image\" \/>\n<meta name=\"twitter:label1\" content=\"Escrito por\" \/>\n\t<meta name=\"twitter:data1\" content=\"master\" \/>\n\t<meta name=\"twitter:label2\" content=\"Tiempo de lectura\" \/>\n\t<meta name=\"twitter:data2\" content=\"1 minuto\" \/>\n<script type=\"application\/ld+json\" class=\"yoast-schema-graph\">{\"@context\":\"https:\\\/\\\/schema.org\",\"@graph\":[{\"@type\":\"Article\",\"@id\":\"https:\\\/\\\/astrosolsones.com\\\/t1_e11_-cau-la-nit-al-castell-astronomia-popular\\\/#article\",\"isPartOf\":{\"@id\":\"https:\\\/\\\/astrosolsones.com\\\/t1_e11_-cau-la-nit-al-castell-astronomia-popular\\\/\"},\"author\":{\"name\":\"master\",\"@id\":\"https:\\\/\\\/astrosolsones.com\\\/#\\\/schema\\\/person\\\/e8bfdc5f19c39a536f638748180c1e25\"},\"headline\":\"T1_E12_Cau la nit al castell-Astronomia popular I\",\"datePublished\":\"2024-04-20T17:31:05+00:00\",\"dateModified\":\"2024-04-27T15:07:20+00:00\",\"mainEntityOfPage\":{\"@id\":\"https:\\\/\\\/astrosolsones.com\\\/t1_e11_-cau-la-nit-al-castell-astronomia-popular\\\/\"},\"wordCount\":225,\"commentCount\":0,\"publisher\":{\"@id\":\"https:\\\/\\\/astrosolsones.com\\\/#organization\"},\"image\":{\"@id\":\"https:\\\/\\\/astrosolsones.com\\\/t1_e11_-cau-la-nit-al-castell-astronomia-popular\\\/#primaryimage\"},\"thumbnailUrl\":\"https:\\\/\\\/astrosolsones.com\\\/wp-content\\\/uploads\\\/2024\\\/04\\\/el-cel-primavera-i-estiu-Joan-Amades-1024x707.jpg\",\"articleSection\":[\"cau la nit\"],\"inLanguage\":\"es\",\"potentialAction\":[{\"@type\":\"CommentAction\",\"name\":\"Comment\",\"target\":[\"https:\\\/\\\/astrosolsones.com\\\/t1_e11_-cau-la-nit-al-castell-astronomia-popular\\\/#respond\"]}]},{\"@type\":\"WebPage\",\"@id\":\"https:\\\/\\\/astrosolsones.com\\\/t1_e11_-cau-la-nit-al-castell-astronomia-popular\\\/\",\"url\":\"https:\\\/\\\/astrosolsones.com\\\/t1_e11_-cau-la-nit-al-castell-astronomia-popular\\\/\",\"name\":\"T1_E12_Cau la nit al castell-Astronomia popular I - Astronom\u00eda en el Solson\u00e8s\",\"isPartOf\":{\"@id\":\"https:\\\/\\\/astrosolsones.com\\\/#website\"},\"primaryImageOfPage\":{\"@id\":\"https:\\\/\\\/astrosolsones.com\\\/t1_e11_-cau-la-nit-al-castell-astronomia-popular\\\/#primaryimage\"},\"image\":{\"@id\":\"https:\\\/\\\/astrosolsones.com\\\/t1_e11_-cau-la-nit-al-castell-astronomia-popular\\\/#primaryimage\"},\"thumbnailUrl\":\"https:\\\/\\\/astrosolsones.com\\\/wp-content\\\/uploads\\\/2024\\\/04\\\/el-cel-primavera-i-estiu-Joan-Amades-1024x707.jpg\",\"datePublished\":\"2024-04-20T17:31:05+00:00\",\"dateModified\":\"2024-04-27T15:07:20+00:00\",\"breadcrumb\":{\"@id\":\"https:\\\/\\\/astrosolsones.com\\\/t1_e11_-cau-la-nit-al-castell-astronomia-popular\\\/#breadcrumb\"},\"inLanguage\":\"es\",\"potentialAction\":[{\"@type\":\"ReadAction\",\"target\":[\"https:\\\/\\\/astrosolsones.com\\\/t1_e11_-cau-la-nit-al-castell-astronomia-popular\\\/\"]}]},{\"@type\":\"ImageObject\",\"inLanguage\":\"es\",\"@id\":\"https:\\\/\\\/astrosolsones.com\\\/t1_e11_-cau-la-nit-al-castell-astronomia-popular\\\/#primaryimage\",\"url\":\"https:\\\/\\\/astrosolsones.com\\\/wp-content\\\/uploads\\\/2024\\\/04\\\/el-cel-primavera-i-estiu-Joan-Amades-1024x707.jpg\",\"contentUrl\":\"https:\\\/\\\/astrosolsones.com\\\/wp-content\\\/uploads\\\/2024\\\/04\\\/el-cel-primavera-i-estiu-Joan-Amades-1024x707.jpg\"},{\"@type\":\"BreadcrumbList\",\"@id\":\"https:\\\/\\\/astrosolsones.com\\\/t1_e11_-cau-la-nit-al-castell-astronomia-popular\\\/#breadcrumb\",\"itemListElement\":[{\"@type\":\"ListItem\",\"position\":1,\"name\":\"Home\",\"item\":\"https:\\\/\\\/astrosolsones.com\\\/\"},{\"@type\":\"ListItem\",\"position\":2,\"name\":\"T1_E12_Cau la nit al castell-Astronomia popular I\"}]},{\"@type\":\"WebSite\",\"@id\":\"https:\\\/\\\/astrosolsones.com\\\/#website\",\"url\":\"https:\\\/\\\/astrosolsones.com\\\/\",\"name\":\"Astronomia al Solson\u00e8s\",\"description\":\"Observaci\u00f3n de estrellas, constelaciones y planetas Astroturismo\",\"publisher\":{\"@id\":\"https:\\\/\\\/astrosolsones.com\\\/#organization\"},\"potentialAction\":[{\"@type\":\"SearchAction\",\"target\":{\"@type\":\"EntryPoint\",\"urlTemplate\":\"https:\\\/\\\/astrosolsones.com\\\/?s={search_term_string}\"},\"query-input\":{\"@type\":\"PropertyValueSpecification\",\"valueRequired\":true,\"valueName\":\"search_term_string\"}}],\"inLanguage\":\"es\"},{\"@type\":\"Organization\",\"@id\":\"https:\\\/\\\/astrosolsones.com\\\/#organization\",\"name\":\"Astronomia al Solson\u00e8s\",\"url\":\"https:\\\/\\\/astrosolsones.com\\\/\",\"logo\":{\"@type\":\"ImageObject\",\"inLanguage\":\"es\",\"@id\":\"https:\\\/\\\/astrosolsones.com\\\/#\\\/schema\\\/logo\\\/image\\\/\",\"url\":\"https:\\\/\\\/astrosolsones.com\\\/wp-content\\\/uploads\\\/2024\\\/06\\\/Logo-Astrosolsones-fons-blanc.png\",\"contentUrl\":\"https:\\\/\\\/astrosolsones.com\\\/wp-content\\\/uploads\\\/2024\\\/06\\\/Logo-Astrosolsones-fons-blanc.png\",\"width\":1983,\"height\":1640,\"caption\":\"Astronomia al Solson\u00e8s\"},\"image\":{\"@id\":\"https:\\\/\\\/astrosolsones.com\\\/#\\\/schema\\\/logo\\\/image\\\/\"},\"sameAs\":[\"https:\\\/\\\/www.instagram.com\\\/astrosolsones\\\/\"]},{\"@type\":\"Person\",\"@id\":\"https:\\\/\\\/astrosolsones.com\\\/#\\\/schema\\\/person\\\/e8bfdc5f19c39a536f638748180c1e25\",\"name\":\"master\",\"image\":{\"@type\":\"ImageObject\",\"inLanguage\":\"es\",\"@id\":\"https:\\\/\\\/secure.gravatar.com\\\/avatar\\\/41a47ed12e956c548b5b7357f18afea7bfc64375f1237489a769fe8fdc510449?s=96&d=mm&r=g\",\"url\":\"https:\\\/\\\/secure.gravatar.com\\\/avatar\\\/41a47ed12e956c548b5b7357f18afea7bfc64375f1237489a769fe8fdc510449?s=96&d=mm&r=g\",\"contentUrl\":\"https:\\\/\\\/secure.gravatar.com\\\/avatar\\\/41a47ed12e956c548b5b7357f18afea7bfc64375f1237489a769fe8fdc510449?s=96&d=mm&r=g\",\"caption\":\"master\"},\"url\":\"https:\\\/\\\/astrosolsones.com\\\/es\\\/author\\\/admin9950\\\/\"}]}<\/script>\n<!-- \/ Yoast SEO plugin. -->","yoast_head_json":{"title":"T1_E12_Cau la nit al castell-Astronomia popular I - Astronom\u00eda en el Solson\u00e8s","robots":{"index":"index","follow":"follow","max-snippet":"max-snippet:-1","max-image-preview":"max-image-preview:large","max-video-preview":"max-video-preview:-1"},"canonical":"https:\/\/astrosolsones.com\/t1_e11_-cau-la-nit-al-castell-astronomia-popular\/","og_locale":"es_ES","og_type":"article","og_title":"T1_E12_Cau la nit al castell-Astronomia popular I - Astronom\u00eda en el Solson\u00e8s","og_url":"https:\/\/astrosolsones.com\/t1_e11_-cau-la-nit-al-castell-astronomia-popular\/","og_site_name":"Astronom\u00eda en el Solson\u00e8s","article_published_time":"2024-04-20T17:31:05+00:00","article_modified_time":"2024-04-27T15:07:20+00:00","og_image":[{"url":"https:\/\/astrosolsones.com\/wp-content\/uploads\/2024\/04\/el-cel-primavera-i-estiu-Joan-Amades-1024x707.jpg","type":"","width":"","height":""}],"author":"master","twitter_card":"summary_large_image","twitter_misc":{"Escrito por":"master","Tiempo de lectura":"1 minuto"},"schema":{"@context":"https:\/\/schema.org","@graph":[{"@type":"Article","@id":"https:\/\/astrosolsones.com\/t1_e11_-cau-la-nit-al-castell-astronomia-popular\/#article","isPartOf":{"@id":"https:\/\/astrosolsones.com\/t1_e11_-cau-la-nit-al-castell-astronomia-popular\/"},"author":{"name":"master","@id":"https:\/\/astrosolsones.com\/#\/schema\/person\/e8bfdc5f19c39a536f638748180c1e25"},"headline":"T1_E12_Cau la nit al castell-Astronomia popular I","datePublished":"2024-04-20T17:31:05+00:00","dateModified":"2024-04-27T15:07:20+00:00","mainEntityOfPage":{"@id":"https:\/\/astrosolsones.com\/t1_e11_-cau-la-nit-al-castell-astronomia-popular\/"},"wordCount":225,"commentCount":0,"publisher":{"@id":"https:\/\/astrosolsones.com\/#organization"},"image":{"@id":"https:\/\/astrosolsones.com\/t1_e11_-cau-la-nit-al-castell-astronomia-popular\/#primaryimage"},"thumbnailUrl":"https:\/\/astrosolsones.com\/wp-content\/uploads\/2024\/04\/el-cel-primavera-i-estiu-Joan-Amades-1024x707.jpg","articleSection":["cau la nit"],"inLanguage":"es","potentialAction":[{"@type":"CommentAction","name":"Comment","target":["https:\/\/astrosolsones.com\/t1_e11_-cau-la-nit-al-castell-astronomia-popular\/#respond"]}]},{"@type":"WebPage","@id":"https:\/\/astrosolsones.com\/t1_e11_-cau-la-nit-al-castell-astronomia-popular\/","url":"https:\/\/astrosolsones.com\/t1_e11_-cau-la-nit-al-castell-astronomia-popular\/","name":"T1_E12_Cau la nit al castell-Astronomia popular I - Astronom\u00eda en el Solson\u00e8s","isPartOf":{"@id":"https:\/\/astrosolsones.com\/#website"},"primaryImageOfPage":{"@id":"https:\/\/astrosolsones.com\/t1_e11_-cau-la-nit-al-castell-astronomia-popular\/#primaryimage"},"image":{"@id":"https:\/\/astrosolsones.com\/t1_e11_-cau-la-nit-al-castell-astronomia-popular\/#primaryimage"},"thumbnailUrl":"https:\/\/astrosolsones.com\/wp-content\/uploads\/2024\/04\/el-cel-primavera-i-estiu-Joan-Amades-1024x707.jpg","datePublished":"2024-04-20T17:31:05+00:00","dateModified":"2024-04-27T15:07:20+00:00","breadcrumb":{"@id":"https:\/\/astrosolsones.com\/t1_e11_-cau-la-nit-al-castell-astronomia-popular\/#breadcrumb"},"inLanguage":"es","potentialAction":[{"@type":"ReadAction","target":["https:\/\/astrosolsones.com\/t1_e11_-cau-la-nit-al-castell-astronomia-popular\/"]}]},{"@type":"ImageObject","inLanguage":"es","@id":"https:\/\/astrosolsones.com\/t1_e11_-cau-la-nit-al-castell-astronomia-popular\/#primaryimage","url":"https:\/\/astrosolsones.com\/wp-content\/uploads\/2024\/04\/el-cel-primavera-i-estiu-Joan-Amades-1024x707.jpg","contentUrl":"https:\/\/astrosolsones.com\/wp-content\/uploads\/2024\/04\/el-cel-primavera-i-estiu-Joan-Amades-1024x707.jpg"},{"@type":"BreadcrumbList","@id":"https:\/\/astrosolsones.com\/t1_e11_-cau-la-nit-al-castell-astronomia-popular\/#breadcrumb","itemListElement":[{"@type":"ListItem","position":1,"name":"Home","item":"https:\/\/astrosolsones.com\/"},{"@type":"ListItem","position":2,"name":"T1_E12_Cau la nit al castell-Astronomia popular I"}]},{"@type":"WebSite","@id":"https:\/\/astrosolsones.com\/#website","url":"https:\/\/astrosolsones.com\/","name":"Astronomia al Solson\u00e8s","description":"Observaci\u00f3n de estrellas, constelaciones y planetas Astroturismo","publisher":{"@id":"https:\/\/astrosolsones.com\/#organization"},"potentialAction":[{"@type":"SearchAction","target":{"@type":"EntryPoint","urlTemplate":"https:\/\/astrosolsones.com\/?s={search_term_string}"},"query-input":{"@type":"PropertyValueSpecification","valueRequired":true,"valueName":"search_term_string"}}],"inLanguage":"es"},{"@type":"Organization","@id":"https:\/\/astrosolsones.com\/#organization","name":"Astronomia al Solson\u00e8s","url":"https:\/\/astrosolsones.com\/","logo":{"@type":"ImageObject","inLanguage":"es","@id":"https:\/\/astrosolsones.com\/#\/schema\/logo\/image\/","url":"https:\/\/astrosolsones.com\/wp-content\/uploads\/2024\/06\/Logo-Astrosolsones-fons-blanc.png","contentUrl":"https:\/\/astrosolsones.com\/wp-content\/uploads\/2024\/06\/Logo-Astrosolsones-fons-blanc.png","width":1983,"height":1640,"caption":"Astronomia al Solson\u00e8s"},"image":{"@id":"https:\/\/astrosolsones.com\/#\/schema\/logo\/image\/"},"sameAs":["https:\/\/www.instagram.com\/astrosolsones\/"]},{"@type":"Person","@id":"https:\/\/astrosolsones.com\/#\/schema\/person\/e8bfdc5f19c39a536f638748180c1e25","name":"master","image":{"@type":"ImageObject","inLanguage":"es","@id":"https:\/\/secure.gravatar.com\/avatar\/41a47ed12e956c548b5b7357f18afea7bfc64375f1237489a769fe8fdc510449?s=96&d=mm&r=g","url":"https:\/\/secure.gravatar.com\/avatar\/41a47ed12e956c548b5b7357f18afea7bfc64375f1237489a769fe8fdc510449?s=96&d=mm&r=g","contentUrl":"https:\/\/secure.gravatar.com\/avatar\/41a47ed12e956c548b5b7357f18afea7bfc64375f1237489a769fe8fdc510449?s=96&d=mm&r=g","caption":"master"},"url":"https:\/\/astrosolsones.com\/es\/author\/admin9950\/"}]}},"_links":{"self":[{"href":"https:\/\/astrosolsones.com\/es\/wp-json\/wp\/v2\/posts\/645","targetHints":{"allow":["GET"]}}],"collection":[{"href":"https:\/\/astrosolsones.com\/es\/wp-json\/wp\/v2\/posts"}],"about":[{"href":"https:\/\/astrosolsones.com\/es\/wp-json\/wp\/v2\/types\/post"}],"author":[{"embeddable":true,"href":"https:\/\/astrosolsones.com\/es\/wp-json\/wp\/v2\/users\/1"}],"replies":[{"embeddable":true,"href":"https:\/\/astrosolsones.com\/es\/wp-json\/wp\/v2\/comments?post=645"}],"version-history":[{"count":6,"href":"https:\/\/astrosolsones.com\/es\/wp-json\/wp\/v2\/posts\/645\/revisions"}],"predecessor-version":[{"id":653,"href":"https:\/\/astrosolsones.com\/es\/wp-json\/wp\/v2\/posts\/645\/revisions\/653"}],"wp:attachment":[{"href":"https:\/\/astrosolsones.com\/es\/wp-json\/wp\/v2\/media?parent=645"}],"wp:term":[{"taxonomy":"category","embeddable":true,"href":"https:\/\/astrosolsones.com\/es\/wp-json\/wp\/v2\/categories?post=645"},{"taxonomy":"post_tag","embeddable":true,"href":"https:\/\/astrosolsones.com\/es\/wp-json\/wp\/v2\/tags?post=645"}],"curies":[{"name":"wp","href":"https:\/\/api.w.org\/{rel}","templated":true}]}}