{"id":598,"date":"2024-03-02T16:53:02","date_gmt":"2024-03-02T15:53:02","guid":{"rendered":"https:\/\/astrosolsones.com\/?p=598"},"modified":"2024-03-02T16:59:24","modified_gmt":"2024-03-02T15:59:24","slug":"t1_e5_-cau-la-nit-al-castell-passeig-per-les-constel-lacions","status":"publish","type":"post","link":"https:\/\/astrosolsones.com\/es\/t1_e5_-cau-la-nit-al-castell-passeig-per-les-constel-lacions\/","title":{"rendered":"T1_E5_ Cau la nit al castell-Passeig per les constel.lacions"},"content":{"rendered":"<div class=\"wp-block-image\">\n<figure class=\"aligncenter size-large\"><img loading=\"lazy\" decoding=\"async\" width=\"1024\" height=\"1024\" src=\"https:\/\/astrosolsones.com\/wp-content\/uploads\/2024\/03\/DSC7074_stitch-1024x1024.jpg\" alt=\"Paisatge nocturn amb les constel.lacions circumpolars\" class=\"wp-image-599\" srcset=\"https:\/\/astrosolsones.com\/wp-content\/uploads\/2024\/03\/DSC7074_stitch-1024x1024.jpg 1024w, https:\/\/astrosolsones.com\/wp-content\/uploads\/2024\/03\/DSC7074_stitch-300x300.jpg 300w, https:\/\/astrosolsones.com\/wp-content\/uploads\/2024\/03\/DSC7074_stitch-150x150.jpg 150w, https:\/\/astrosolsones.com\/wp-content\/uploads\/2024\/03\/DSC7074_stitch-768x768.jpg 768w, https:\/\/astrosolsones.com\/wp-content\/uploads\/2024\/03\/DSC7074_stitch-100x100.jpg 100w, https:\/\/astrosolsones.com\/wp-content\/uploads\/2024\/03\/DSC7074_stitch.jpg 1500w\" sizes=\"auto, (max-width: 706px) 89vw, (max-width: 767px) 82vw, 740px\" \/><figcaption class=\"wp-element-caption\">Constel\u00b7lacions circumpolars des de Port del Comte<\/figcaption><\/figure>\n<\/div>\n\n\n<p>P\u00f2dcast sobre astronomia coproduit per Solsona FM i Jordi Fraxanet amb l\u2019acompanyament expert del Centre Astron\u00f2mic del Castell de Lladurs.<\/p>\n\n\n\n<p><strong>A partir d&#8217;ara ser\u00e0 setmanal i la durada ser\u00e0 de 25 minuts.<\/strong><\/p>\n\n\n\n<p><audio class=\"wp-audio-shortcode\" id=\"audio-598-1\" preload=\"none\" style=\"width: 100%;\" controls=\"controls\"><source type=\"audio\/mpeg\" src=\"https:\/\/www.ivoox.com\/t1-e5-cau-nit-al-castell-passeig-per-les-constel-lacions_md_125200614_wp_1.mp3?_=1\" \/><a href=\"https:\/\/www.ivoox.com\/t1-e5-cau-nit-al-castell-passeig-per-les-constel-lacions_md_125200614_wp_1.mp3\">https:\/\/www.ivoox.com\/t1-e5-cau-nit-al-castell-passeig-per-les-constel-lacions_md_125200614_wp_1.mp3<\/a><\/audio> <a href=\"https:\/\/go.ivoox.com\/rf\/125200614\">Ir a descargar<\/a><\/p>\n\n\n\n<p>Comen\u00e7arem el programa d\u2019avui amb la secci\u00f3 de novetats astron\u00f2miques parlant de exoplanetes a sistemes estel.lars formats per m\u00e9s d\u2019un estel, seguir\u00e0 l\u2019agenda astron\u00f2mica de la propera setmana. I acabarem amb el tema de la setmana que ser\u00e0 un passeig per les constel.lacions que podem veure al cel en funci\u00f3 de l\u2019estaci\u00f3 i sabrem a quina part del cel trobarem els planetes. Identificarem les constel.lacions que&nbsp; no s\u2019amaguen mai per l\u2019horitz\u00f3 i quins son els astres m\u00e9s espectaculars de cada estaci\u00f3.<\/p>\n\n\n\n<p>Sabeu quin \u00e9s el planeta Tatooine? I qu\u00e8 \u00e9s la llum cendrosa a la Lluna? i perqu\u00e8 no veurem mai un planeta al costat de l\u2019estrella polar? escolteu el programa fins al final i satisfareu la vostra curiositat.<\/p>\n\n\n\n<p>On \u00e9s el cometa 12P\/Pons-Brooks:&nbsp;<a href=\"https:\/\/theskylive.com\/12p-info\" target=\"_blank\" rel=\"noreferrer noopener\">https:\/\/theskylive.com\/12p-info<\/a><br>Web del centre astron\u00f2mic:&nbsp;<a href=\"https:\/\/astrosolsones.com\/centre-astronomic-del-castell-de-lladurs\/\" target=\"_blank\" rel=\"noreferrer noopener\">https:\/\/astrosolsones.com\/centre-astronomic-del-castell-de-lladurs\/<\/a><\/p>\n\n\n\n<p><\/p>\n","protected":false},"excerpt":{"rendered":"<p>P\u00f2dcast sobre astronomia coproduit per Solsona FM i Jordi Fraxanet amb l\u2019acompanyament expert del Centre Astron\u00f2mic del Castell de Lladurs. A partir d&#8217;ara ser\u00e0 setmanal i la durada ser\u00e0 de 25 minuts. Ir a descargar Comen\u00e7arem el programa d\u2019avui amb la secci\u00f3 de novetats astron\u00f2miques parlant de exoplanetes a sistemes estel.lars formats per m\u00e9s d\u2019un &hellip; <\/p>\n<p class=\"link-more\"><a href=\"https:\/\/astrosolsones.com\/es\/t1_e5_-cau-la-nit-al-castell-passeig-per-les-constel-lacions\/\" class=\"more-link\">Continuar leyendo<span class=\"screen-reader-text\"> \u00abT1_E5_ Cau la nit al castell-Passeig per les constel.lacions\u00bb<\/span><\/a><\/p>\n","protected":false},"author":1,"featured_media":0,"comment_status":"open","ping_status":"open","sticky":false,"template":"","format":"standard","meta":{"footnotes":""},"categories":[20],"tags":[],"class_list":["post-598","post","type-post","status-publish","format-standard","hentry","category-cau-la-nit"],"translation":{"provider":"WPGlobus","version":"3.0.2","language":"es","enabled_languages":["ca","es","en"],"languages":{"ca":{"title":true,"content":true,"excerpt":false},"es":{"title":false,"content":false,"excerpt":false},"en":{"title":false,"content":false,"excerpt":false}}},"yoast_head":"<!-- This site is optimized with the Yoast SEO plugin v27.4 - https:\/\/yoast.com\/product\/yoast-seo-wordpress\/ -->\n<title>T1_E5_ Cau la nit al castell-Passeig per les constel.lacions - Astronom\u00eda en el Solson\u00e8s<\/title>\n<meta name=\"robots\" content=\"index, follow, max-snippet:-1, max-image-preview:large, max-video-preview:-1\" \/>\n<link rel=\"canonical\" href=\"https:\/\/astrosolsones.com\/t1_e5_-cau-la-nit-al-castell-passeig-per-les-constel-lacions\/\" \/>\n<meta property=\"og:locale\" content=\"es_ES\" \/>\n<meta property=\"og:type\" content=\"article\" \/>\n<meta property=\"og:title\" content=\"T1_E5_ Cau la nit al castell-Passeig per les constel.lacions - Astronom\u00eda en el Solson\u00e8s\" \/>\n<meta property=\"og:url\" content=\"https:\/\/astrosolsones.com\/t1_e5_-cau-la-nit-al-castell-passeig-per-les-constel-lacions\/\" \/>\n<meta property=\"og:site_name\" content=\"Astronom\u00eda en el Solson\u00e8s\" \/>\n<meta property=\"article:published_time\" content=\"2024-03-02T15:53:02+00:00\" \/>\n<meta property=\"article:modified_time\" content=\"2024-03-02T15:59:24+00:00\" \/>\n<meta property=\"og:image\" content=\"https:\/\/astrosolsones.com\/wp-content\/uploads\/2024\/03\/DSC7074_stitch-1024x1024.jpg\" \/>\n<meta name=\"author\" content=\"master\" \/>\n<meta name=\"twitter:card\" content=\"summary_large_image\" \/>\n<meta name=\"twitter:label1\" content=\"Escrito por\" \/>\n\t<meta name=\"twitter:data1\" content=\"master\" \/>\n\t<meta name=\"twitter:label2\" content=\"Tiempo de lectura\" \/>\n\t<meta name=\"twitter:data2\" content=\"1 minuto\" \/>\n<script type=\"application\/ld+json\" class=\"yoast-schema-graph\">{\"@context\":\"https:\\\/\\\/schema.org\",\"@graph\":[{\"@type\":\"Article\",\"@id\":\"https:\\\/\\\/astrosolsones.com\\\/t1_e5_-cau-la-nit-al-castell-passeig-per-les-constel-lacions\\\/#article\",\"isPartOf\":{\"@id\":\"https:\\\/\\\/astrosolsones.com\\\/t1_e5_-cau-la-nit-al-castell-passeig-per-les-constel-lacions\\\/\"},\"author\":{\"name\":\"master\",\"@id\":\"https:\\\/\\\/astrosolsones.com\\\/#\\\/schema\\\/person\\\/e8bfdc5f19c39a536f638748180c1e25\"},\"headline\":\"T1_E5_ Cau la nit al castell-Passeig per les constel.lacions\",\"datePublished\":\"2024-03-02T15:53:02+00:00\",\"dateModified\":\"2024-03-02T15:59:24+00:00\",\"mainEntityOfPage\":{\"@id\":\"https:\\\/\\\/astrosolsones.com\\\/t1_e5_-cau-la-nit-al-castell-passeig-per-les-constel-lacions\\\/\"},\"wordCount\":225,\"commentCount\":0,\"publisher\":{\"@id\":\"https:\\\/\\\/astrosolsones.com\\\/#organization\"},\"image\":{\"@id\":\"https:\\\/\\\/astrosolsones.com\\\/t1_e5_-cau-la-nit-al-castell-passeig-per-les-constel-lacions\\\/#primaryimage\"},\"thumbnailUrl\":\"https:\\\/\\\/astrosolsones.com\\\/wp-content\\\/uploads\\\/2024\\\/03\\\/DSC7074_stitch-1024x1024.jpg\",\"articleSection\":[\"cau la nit\"],\"inLanguage\":\"es\",\"potentialAction\":[{\"@type\":\"CommentAction\",\"name\":\"Comment\",\"target\":[\"https:\\\/\\\/astrosolsones.com\\\/t1_e5_-cau-la-nit-al-castell-passeig-per-les-constel-lacions\\\/#respond\"]}]},{\"@type\":\"WebPage\",\"@id\":\"https:\\\/\\\/astrosolsones.com\\\/t1_e5_-cau-la-nit-al-castell-passeig-per-les-constel-lacions\\\/\",\"url\":\"https:\\\/\\\/astrosolsones.com\\\/t1_e5_-cau-la-nit-al-castell-passeig-per-les-constel-lacions\\\/\",\"name\":\"T1_E5_ Cau la nit al castell-Passeig per les constel.lacions - Astronom\u00eda en el Solson\u00e8s\",\"isPartOf\":{\"@id\":\"https:\\\/\\\/astrosolsones.com\\\/#website\"},\"primaryImageOfPage\":{\"@id\":\"https:\\\/\\\/astrosolsones.com\\\/t1_e5_-cau-la-nit-al-castell-passeig-per-les-constel-lacions\\\/#primaryimage\"},\"image\":{\"@id\":\"https:\\\/\\\/astrosolsones.com\\\/t1_e5_-cau-la-nit-al-castell-passeig-per-les-constel-lacions\\\/#primaryimage\"},\"thumbnailUrl\":\"https:\\\/\\\/astrosolsones.com\\\/wp-content\\\/uploads\\\/2024\\\/03\\\/DSC7074_stitch-1024x1024.jpg\",\"datePublished\":\"2024-03-02T15:53:02+00:00\",\"dateModified\":\"2024-03-02T15:59:24+00:00\",\"breadcrumb\":{\"@id\":\"https:\\\/\\\/astrosolsones.com\\\/t1_e5_-cau-la-nit-al-castell-passeig-per-les-constel-lacions\\\/#breadcrumb\"},\"inLanguage\":\"es\",\"potentialAction\":[{\"@type\":\"ReadAction\",\"target\":[\"https:\\\/\\\/astrosolsones.com\\\/t1_e5_-cau-la-nit-al-castell-passeig-per-les-constel-lacions\\\/\"]}]},{\"@type\":\"ImageObject\",\"inLanguage\":\"es\",\"@id\":\"https:\\\/\\\/astrosolsones.com\\\/t1_e5_-cau-la-nit-al-castell-passeig-per-les-constel-lacions\\\/#primaryimage\",\"url\":\"https:\\\/\\\/astrosolsones.com\\\/wp-content\\\/uploads\\\/2024\\\/03\\\/DSC7074_stitch-1024x1024.jpg\",\"contentUrl\":\"https:\\\/\\\/astrosolsones.com\\\/wp-content\\\/uploads\\\/2024\\\/03\\\/DSC7074_stitch-1024x1024.jpg\"},{\"@type\":\"BreadcrumbList\",\"@id\":\"https:\\\/\\\/astrosolsones.com\\\/t1_e5_-cau-la-nit-al-castell-passeig-per-les-constel-lacions\\\/#breadcrumb\",\"itemListElement\":[{\"@type\":\"ListItem\",\"position\":1,\"name\":\"Home\",\"item\":\"https:\\\/\\\/astrosolsones.com\\\/\"},{\"@type\":\"ListItem\",\"position\":2,\"name\":\"T1_E5_ Cau la nit al castell-Passeig per les constel.lacions\"}]},{\"@type\":\"WebSite\",\"@id\":\"https:\\\/\\\/astrosolsones.com\\\/#website\",\"url\":\"https:\\\/\\\/astrosolsones.com\\\/\",\"name\":\"Astronomia al Solson\u00e8s\",\"description\":\"Observaci\u00f3n de estrellas, constelaciones y planetas Astroturismo\",\"publisher\":{\"@id\":\"https:\\\/\\\/astrosolsones.com\\\/#organization\"},\"potentialAction\":[{\"@type\":\"SearchAction\",\"target\":{\"@type\":\"EntryPoint\",\"urlTemplate\":\"https:\\\/\\\/astrosolsones.com\\\/?s={search_term_string}\"},\"query-input\":{\"@type\":\"PropertyValueSpecification\",\"valueRequired\":true,\"valueName\":\"search_term_string\"}}],\"inLanguage\":\"es\"},{\"@type\":\"Organization\",\"@id\":\"https:\\\/\\\/astrosolsones.com\\\/#organization\",\"name\":\"Astronomia al Solson\u00e8s\",\"url\":\"https:\\\/\\\/astrosolsones.com\\\/\",\"logo\":{\"@type\":\"ImageObject\",\"inLanguage\":\"es\",\"@id\":\"https:\\\/\\\/astrosolsones.com\\\/#\\\/schema\\\/logo\\\/image\\\/\",\"url\":\"https:\\\/\\\/astrosolsones.com\\\/wp-content\\\/uploads\\\/2024\\\/06\\\/Logo-Astrosolsones-fons-blanc.png\",\"contentUrl\":\"https:\\\/\\\/astrosolsones.com\\\/wp-content\\\/uploads\\\/2024\\\/06\\\/Logo-Astrosolsones-fons-blanc.png\",\"width\":1983,\"height\":1640,\"caption\":\"Astronomia al Solson\u00e8s\"},\"image\":{\"@id\":\"https:\\\/\\\/astrosolsones.com\\\/#\\\/schema\\\/logo\\\/image\\\/\"},\"sameAs\":[\"https:\\\/\\\/www.instagram.com\\\/astrosolsones\\\/\"]},{\"@type\":\"Person\",\"@id\":\"https:\\\/\\\/astrosolsones.com\\\/#\\\/schema\\\/person\\\/e8bfdc5f19c39a536f638748180c1e25\",\"name\":\"master\",\"image\":{\"@type\":\"ImageObject\",\"inLanguage\":\"es\",\"@id\":\"https:\\\/\\\/secure.gravatar.com\\\/avatar\\\/41a47ed12e956c548b5b7357f18afea7bfc64375f1237489a769fe8fdc510449?s=96&d=mm&r=g\",\"url\":\"https:\\\/\\\/secure.gravatar.com\\\/avatar\\\/41a47ed12e956c548b5b7357f18afea7bfc64375f1237489a769fe8fdc510449?s=96&d=mm&r=g\",\"contentUrl\":\"https:\\\/\\\/secure.gravatar.com\\\/avatar\\\/41a47ed12e956c548b5b7357f18afea7bfc64375f1237489a769fe8fdc510449?s=96&d=mm&r=g\",\"caption\":\"master\"},\"url\":\"https:\\\/\\\/astrosolsones.com\\\/es\\\/author\\\/admin9950\\\/\"}]}<\/script>\n<!-- \/ Yoast SEO plugin. -->","yoast_head_json":{"title":"T1_E5_ Cau la nit al castell-Passeig per les constel.lacions - Astronom\u00eda en el Solson\u00e8s","robots":{"index":"index","follow":"follow","max-snippet":"max-snippet:-1","max-image-preview":"max-image-preview:large","max-video-preview":"max-video-preview:-1"},"canonical":"https:\/\/astrosolsones.com\/t1_e5_-cau-la-nit-al-castell-passeig-per-les-constel-lacions\/","og_locale":"es_ES","og_type":"article","og_title":"T1_E5_ Cau la nit al castell-Passeig per les constel.lacions - Astronom\u00eda en el Solson\u00e8s","og_url":"https:\/\/astrosolsones.com\/t1_e5_-cau-la-nit-al-castell-passeig-per-les-constel-lacions\/","og_site_name":"Astronom\u00eda en el Solson\u00e8s","article_published_time":"2024-03-02T15:53:02+00:00","article_modified_time":"2024-03-02T15:59:24+00:00","og_image":[{"url":"https:\/\/astrosolsones.com\/wp-content\/uploads\/2024\/03\/DSC7074_stitch-1024x1024.jpg","type":"","width":"","height":""}],"author":"master","twitter_card":"summary_large_image","twitter_misc":{"Escrito por":"master","Tiempo de lectura":"1 minuto"},"schema":{"@context":"https:\/\/schema.org","@graph":[{"@type":"Article","@id":"https:\/\/astrosolsones.com\/t1_e5_-cau-la-nit-al-castell-passeig-per-les-constel-lacions\/#article","isPartOf":{"@id":"https:\/\/astrosolsones.com\/t1_e5_-cau-la-nit-al-castell-passeig-per-les-constel-lacions\/"},"author":{"name":"master","@id":"https:\/\/astrosolsones.com\/#\/schema\/person\/e8bfdc5f19c39a536f638748180c1e25"},"headline":"T1_E5_ Cau la nit al castell-Passeig per les constel.lacions","datePublished":"2024-03-02T15:53:02+00:00","dateModified":"2024-03-02T15:59:24+00:00","mainEntityOfPage":{"@id":"https:\/\/astrosolsones.com\/t1_e5_-cau-la-nit-al-castell-passeig-per-les-constel-lacions\/"},"wordCount":225,"commentCount":0,"publisher":{"@id":"https:\/\/astrosolsones.com\/#organization"},"image":{"@id":"https:\/\/astrosolsones.com\/t1_e5_-cau-la-nit-al-castell-passeig-per-les-constel-lacions\/#primaryimage"},"thumbnailUrl":"https:\/\/astrosolsones.com\/wp-content\/uploads\/2024\/03\/DSC7074_stitch-1024x1024.jpg","articleSection":["cau la nit"],"inLanguage":"es","potentialAction":[{"@type":"CommentAction","name":"Comment","target":["https:\/\/astrosolsones.com\/t1_e5_-cau-la-nit-al-castell-passeig-per-les-constel-lacions\/#respond"]}]},{"@type":"WebPage","@id":"https:\/\/astrosolsones.com\/t1_e5_-cau-la-nit-al-castell-passeig-per-les-constel-lacions\/","url":"https:\/\/astrosolsones.com\/t1_e5_-cau-la-nit-al-castell-passeig-per-les-constel-lacions\/","name":"T1_E5_ Cau la nit al castell-Passeig per les constel.lacions - Astronom\u00eda en el Solson\u00e8s","isPartOf":{"@id":"https:\/\/astrosolsones.com\/#website"},"primaryImageOfPage":{"@id":"https:\/\/astrosolsones.com\/t1_e5_-cau-la-nit-al-castell-passeig-per-les-constel-lacions\/#primaryimage"},"image":{"@id":"https:\/\/astrosolsones.com\/t1_e5_-cau-la-nit-al-castell-passeig-per-les-constel-lacions\/#primaryimage"},"thumbnailUrl":"https:\/\/astrosolsones.com\/wp-content\/uploads\/2024\/03\/DSC7074_stitch-1024x1024.jpg","datePublished":"2024-03-02T15:53:02+00:00","dateModified":"2024-03-02T15:59:24+00:00","breadcrumb":{"@id":"https:\/\/astrosolsones.com\/t1_e5_-cau-la-nit-al-castell-passeig-per-les-constel-lacions\/#breadcrumb"},"inLanguage":"es","potentialAction":[{"@type":"ReadAction","target":["https:\/\/astrosolsones.com\/t1_e5_-cau-la-nit-al-castell-passeig-per-les-constel-lacions\/"]}]},{"@type":"ImageObject","inLanguage":"es","@id":"https:\/\/astrosolsones.com\/t1_e5_-cau-la-nit-al-castell-passeig-per-les-constel-lacions\/#primaryimage","url":"https:\/\/astrosolsones.com\/wp-content\/uploads\/2024\/03\/DSC7074_stitch-1024x1024.jpg","contentUrl":"https:\/\/astrosolsones.com\/wp-content\/uploads\/2024\/03\/DSC7074_stitch-1024x1024.jpg"},{"@type":"BreadcrumbList","@id":"https:\/\/astrosolsones.com\/t1_e5_-cau-la-nit-al-castell-passeig-per-les-constel-lacions\/#breadcrumb","itemListElement":[{"@type":"ListItem","position":1,"name":"Home","item":"https:\/\/astrosolsones.com\/"},{"@type":"ListItem","position":2,"name":"T1_E5_ Cau la nit al castell-Passeig per les constel.lacions"}]},{"@type":"WebSite","@id":"https:\/\/astrosolsones.com\/#website","url":"https:\/\/astrosolsones.com\/","name":"Astronomia al Solson\u00e8s","description":"Observaci\u00f3n de estrellas, constelaciones y planetas Astroturismo","publisher":{"@id":"https:\/\/astrosolsones.com\/#organization"},"potentialAction":[{"@type":"SearchAction","target":{"@type":"EntryPoint","urlTemplate":"https:\/\/astrosolsones.com\/?s={search_term_string}"},"query-input":{"@type":"PropertyValueSpecification","valueRequired":true,"valueName":"search_term_string"}}],"inLanguage":"es"},{"@type":"Organization","@id":"https:\/\/astrosolsones.com\/#organization","name":"Astronomia al Solson\u00e8s","url":"https:\/\/astrosolsones.com\/","logo":{"@type":"ImageObject","inLanguage":"es","@id":"https:\/\/astrosolsones.com\/#\/schema\/logo\/image\/","url":"https:\/\/astrosolsones.com\/wp-content\/uploads\/2024\/06\/Logo-Astrosolsones-fons-blanc.png","contentUrl":"https:\/\/astrosolsones.com\/wp-content\/uploads\/2024\/06\/Logo-Astrosolsones-fons-blanc.png","width":1983,"height":1640,"caption":"Astronomia al Solson\u00e8s"},"image":{"@id":"https:\/\/astrosolsones.com\/#\/schema\/logo\/image\/"},"sameAs":["https:\/\/www.instagram.com\/astrosolsones\/"]},{"@type":"Person","@id":"https:\/\/astrosolsones.com\/#\/schema\/person\/e8bfdc5f19c39a536f638748180c1e25","name":"master","image":{"@type":"ImageObject","inLanguage":"es","@id":"https:\/\/secure.gravatar.com\/avatar\/41a47ed12e956c548b5b7357f18afea7bfc64375f1237489a769fe8fdc510449?s=96&d=mm&r=g","url":"https:\/\/secure.gravatar.com\/avatar\/41a47ed12e956c548b5b7357f18afea7bfc64375f1237489a769fe8fdc510449?s=96&d=mm&r=g","contentUrl":"https:\/\/secure.gravatar.com\/avatar\/41a47ed12e956c548b5b7357f18afea7bfc64375f1237489a769fe8fdc510449?s=96&d=mm&r=g","caption":"master"},"url":"https:\/\/astrosolsones.com\/es\/author\/admin9950\/"}]}},"_links":{"self":[{"href":"https:\/\/astrosolsones.com\/es\/wp-json\/wp\/v2\/posts\/598","targetHints":{"allow":["GET"]}}],"collection":[{"href":"https:\/\/astrosolsones.com\/es\/wp-json\/wp\/v2\/posts"}],"about":[{"href":"https:\/\/astrosolsones.com\/es\/wp-json\/wp\/v2\/types\/post"}],"author":[{"embeddable":true,"href":"https:\/\/astrosolsones.com\/es\/wp-json\/wp\/v2\/users\/1"}],"replies":[{"embeddable":true,"href":"https:\/\/astrosolsones.com\/es\/wp-json\/wp\/v2\/comments?post=598"}],"version-history":[{"count":3,"href":"https:\/\/astrosolsones.com\/es\/wp-json\/wp\/v2\/posts\/598\/revisions"}],"predecessor-version":[{"id":603,"href":"https:\/\/astrosolsones.com\/es\/wp-json\/wp\/v2\/posts\/598\/revisions\/603"}],"wp:attachment":[{"href":"https:\/\/astrosolsones.com\/es\/wp-json\/wp\/v2\/media?parent=598"}],"wp:term":[{"taxonomy":"category","embeddable":true,"href":"https:\/\/astrosolsones.com\/es\/wp-json\/wp\/v2\/categories?post=598"},{"taxonomy":"post_tag","embeddable":true,"href":"https:\/\/astrosolsones.com\/es\/wp-json\/wp\/v2\/tags?post=598"}],"curies":[{"name":"wp","href":"https:\/\/api.w.org\/{rel}","templated":true}]}}