{"id":229,"date":"2019-07-02T23:35:20","date_gmt":"2019-07-02T21:35:20","guid":{"rendered":"https:\/\/astrosolsones.com\/?p=229"},"modified":"2019-07-02T23:35:20","modified_gmt":"2019-07-02T21:35:20","slug":"p17-el-cielo-de-verano","status":"publish","type":"post","link":"https:\/\/astrosolsones.com\/es\/p17-el-cielo-de-verano\/","title":{"rendered":"P17. El cielo de verano"},"content":{"rendered":"<p><strong>Episodio 17 : EL CIELO DE VERANO<\/strong><\/p>\n<p>Un podcast enfocado en el aprendizaje y pr\u00e1ctica de la astrofotograf\u00eda y astronom\u00eda. \u00bfQuieres conseguir hacer fotos espectaculares de estrellas, constelaciones y paisajes nocturnos? Con este podcast y un poco de pr\u00e1ctica veras c\u00f3mo es posible.<\/p>\n<audio class=\"wp-audio-shortcode\" id=\"audio-229-1\" preload=\"none\" style=\"width: 100%;\" controls=\"controls\"><source type=\"audio\/mpeg\" src=\"https:\/\/www.ivoox.com\/p17-el-cielo-verano_md_37921345_wp_1.mp3?_=1\" \/><a href=\"https:\/\/www.ivoox.com\/p17-el-cielo-verano_md_37921345_wp_1.mp3\">https:\/\/www.ivoox.com\/p17-el-cielo-verano_md_37921345_wp_1.mp3<\/a><\/audio>\n<p>&lt;a href=\u00bbhttps:\/\/www.ivoox.com\/p17-el-cielo-verano-audios-mp3_rf_37921345_1.html\u00bb title=\u00bbP17. El cielo de verano\u00bb&gt;Ir a descargar&lt;\/a&gt;<\/p>\n<p>Hoy os hablar\u00e9 del cielo de verano, que constelaciones y objetos destacados podemos observar y fotografiar, centrado b\u00e1sicamente en astrofotograf\u00eda de paisaje. Y tambi\u00e9n de las efem\u00e9rides m\u00e1s destacadas de este mes de julio y agosto<\/p>\n<p>Este es el \u00faltimo episodio de la primera temporada, me tomo unas semanas de descanso para volver con energ\u00edas renovadas y nuevos temas el 3 de Septiembre.<\/p>\n<p><u>\u00a0<\/u><\/p>\n<p><u>Enlaces:<\/u><\/p>\n<p><a href=\"https:\/\/www.iefc.cat\/es\/talleres-fin-de-semana\/astrofotografia\/\">Taller de Astrofotograf\u00eda<\/a><\/p>\n<p>&nbsp;<\/p>\n<p><a href=\"https:\/\/flic.kr\/p\/PD2VJR\">Campo amplio V\u00eda l\u00e1ctea, Sagitario y Escorpi\u00f3n<\/a><\/p>\n<p><a href=\"https:\/\/flic.kr\/p\/YDCNWE\">Sagitario con la tetera dibujada<\/a><\/p>\n<p><a href=\"https:\/\/flic.kr\/p\/UxJjXD\">3 nebulosas en Sagitario<\/a><\/p>\n<p><a href=\"https:\/\/flic.kr\/p\/Umc4wx\">Nebulosa del caballo negro en Escorpi\u00f3n<\/a><\/p>\n<p><a href=\"https:\/\/flic.kr\/p\/YLshBU\">Constelaci\u00f3n del Cisne con seguimiento<\/a><\/p>\n<p><a href=\"https:\/\/flic.kr\/p\/BodmL4\">Nebulosas del cisne, Norteam\u00e9rica y Pel\u00edcano<\/a><\/p>\n<p><a href=\"https:\/\/flic.kr\/p\/qn5jFL\">Nebulosa M27 o Dumbbell<\/a><\/p>\n<p><a href=\"https:\/\/flic.kr\/p\/nNG6dj\">C\u00famulo globular de H\u00e9rcules, M13<\/a><\/p>\n<p>&#8212;&#8212;&#8212;&#8212;&#8211;<\/p>\n<p>Web del programa:\u00a0 <a href=\"https:\/\/astrosolsones.com\/fotografiandolanoche\/\">https:\/\/astrosolsones.com\/fotografiandolanoche\/<\/a><\/p>\n<p>Grupo de Facebook del programa: <a href=\"https:\/\/www.facebook.com\/groups\/fotolanoche\/\">https:\/\/www.facebook.com\/groups\/fotolanoche\/<\/a><\/p>\n<p>Galeria donde puedes ver mis fotos: <a href=\"https:\/\/www.flickr.com\/photos\/jordi_solsona\">https:\/\/www.flickr.com\/photos\/jordi_solsona<\/a><\/p>\n<p>Canal de Youtube: <a href=\"https:\/\/www.youtube.com\/channel\/UCJeKuzHtPmTyhoso8dqIxRw\">https:\/\/www.youtube.com\/channel\/UCJeKuzHtPmTyhoso8dqIxRw<\/a><\/p>\n<p>Correo para enviar sugerencias:\u00a0 fotografiandolanoche@astrosolsones.com<\/p>\n<p>Compartir vuestras fotos en Instagram con el hastag \u00a0#fotolanoche<\/p>\n<p>M\u00fasica: Motionless by Sappheiros\u00a0\u00a0\u00a0\u00a0\u00a0\u00a0\u00a0\u00a0\u00a0\u00a0\u00a0\u00a0\u00a0\u00a0 https:\/\/soundcloud.com\/sappheirosmusic\/motionless<\/p>\n","protected":false},"excerpt":{"rendered":"<p>Episodio 17 : EL CIELO DE VERANO Un podcast enfocado en el aprendizaje y pr\u00e1ctica de la astrofotograf\u00eda y astronom\u00eda. \u00bfQuieres conseguir hacer fotos espectaculares de estrellas, constelaciones y paisajes nocturnos? Con este podcast y un poco de pr\u00e1ctica veras c\u00f3mo es posible. &lt;a href=\u00bbhttps:\/\/www.ivoox.com\/p17-el-cielo-verano-audios-mp3_rf_37921345_1.html\u00bb title=\u00bbP17. El cielo de verano\u00bb&gt;Ir a descargar&lt;\/a&gt; Hoy os hablar\u00e9 &hellip; <\/p>\n<p class=\"link-more\"><a href=\"https:\/\/astrosolsones.com\/es\/p17-el-cielo-de-verano\/\" class=\"more-link\">Continuar leyendo<span class=\"screen-reader-text\"> \u00abP17. El cielo de verano\u00bb<\/span><\/a><\/p>\n","protected":false},"author":1,"featured_media":0,"comment_status":"open","ping_status":"open","sticky":false,"template":"","format":"standard","meta":{"footnotes":""},"categories":[1],"tags":[],"class_list":["post-229","post","type-post","status-publish","format-standard","hentry","category-non-classe"],"translation":{"provider":"WPGlobus","version":"3.0.2","language":"es","enabled_languages":["ca","es","en"],"languages":{"ca":{"title":true,"content":true,"excerpt":false},"es":{"title":false,"content":false,"excerpt":false},"en":{"title":false,"content":false,"excerpt":false}}},"yoast_head":"<!-- This site is optimized with the Yoast SEO plugin v27.4 - https:\/\/yoast.com\/product\/yoast-seo-wordpress\/ -->\n<title>P17. El cielo de verano - Astronom\u00eda en el Solson\u00e8s<\/title>\n<meta name=\"robots\" content=\"index, follow, max-snippet:-1, max-image-preview:large, max-video-preview:-1\" \/>\n<link rel=\"canonical\" href=\"https:\/\/astrosolsones.com\/p17-el-cielo-de-verano\/\" \/>\n<meta property=\"og:locale\" content=\"es_ES\" \/>\n<meta property=\"og:type\" content=\"article\" \/>\n<meta property=\"og:title\" content=\"P17. El cielo de verano - Astronom\u00eda en el Solson\u00e8s\" \/>\n<meta property=\"og:url\" content=\"https:\/\/astrosolsones.com\/p17-el-cielo-de-verano\/\" \/>\n<meta property=\"og:site_name\" content=\"Astronom\u00eda en el Solson\u00e8s\" \/>\n<meta property=\"article:published_time\" content=\"2019-07-02T21:35:20+00:00\" \/>\n<meta name=\"author\" content=\"master\" \/>\n<meta name=\"twitter:card\" content=\"summary_large_image\" \/>\n<meta name=\"twitter:label1\" content=\"Escrito por\" \/>\n\t<meta name=\"twitter:data1\" content=\"master\" \/>\n\t<meta name=\"twitter:label2\" content=\"Tiempo de lectura\" \/>\n\t<meta name=\"twitter:data2\" content=\"1 minuto\" \/>\n<script type=\"application\/ld+json\" class=\"yoast-schema-graph\">{\"@context\":\"https:\\\/\\\/schema.org\",\"@graph\":[{\"@type\":\"Article\",\"@id\":\"https:\\\/\\\/astrosolsones.com\\\/p17-el-cielo-de-verano\\\/#article\",\"isPartOf\":{\"@id\":\"https:\\\/\\\/astrosolsones.com\\\/p17-el-cielo-de-verano\\\/\"},\"author\":{\"name\":\"master\",\"@id\":\"https:\\\/\\\/astrosolsones.com\\\/#\\\/schema\\\/person\\\/e8bfdc5f19c39a536f638748180c1e25\"},\"headline\":\"P17. El cielo de verano\",\"datePublished\":\"2019-07-02T21:35:20+00:00\",\"mainEntityOfPage\":{\"@id\":\"https:\\\/\\\/astrosolsones.com\\\/p17-el-cielo-de-verano\\\/\"},\"wordCount\":278,\"commentCount\":0,\"publisher\":{\"@id\":\"https:\\\/\\\/astrosolsones.com\\\/#organization\"},\"articleSection\":[\"Non class\u00e9\"],\"inLanguage\":\"es\",\"potentialAction\":[{\"@type\":\"CommentAction\",\"name\":\"Comment\",\"target\":[\"https:\\\/\\\/astrosolsones.com\\\/p17-el-cielo-de-verano\\\/#respond\"]}]},{\"@type\":\"WebPage\",\"@id\":\"https:\\\/\\\/astrosolsones.com\\\/p17-el-cielo-de-verano\\\/\",\"url\":\"https:\\\/\\\/astrosolsones.com\\\/p17-el-cielo-de-verano\\\/\",\"name\":\"P17. El cielo de verano - Astronom\u00eda en el Solson\u00e8s\",\"isPartOf\":{\"@id\":\"https:\\\/\\\/astrosolsones.com\\\/#website\"},\"datePublished\":\"2019-07-02T21:35:20+00:00\",\"breadcrumb\":{\"@id\":\"https:\\\/\\\/astrosolsones.com\\\/p17-el-cielo-de-verano\\\/#breadcrumb\"},\"inLanguage\":\"es\",\"potentialAction\":[{\"@type\":\"ReadAction\",\"target\":[\"https:\\\/\\\/astrosolsones.com\\\/p17-el-cielo-de-verano\\\/\"]}]},{\"@type\":\"BreadcrumbList\",\"@id\":\"https:\\\/\\\/astrosolsones.com\\\/p17-el-cielo-de-verano\\\/#breadcrumb\",\"itemListElement\":[{\"@type\":\"ListItem\",\"position\":1,\"name\":\"Home\",\"item\":\"https:\\\/\\\/astrosolsones.com\\\/\"},{\"@type\":\"ListItem\",\"position\":2,\"name\":\"P17. El cielo de verano\"}]},{\"@type\":\"WebSite\",\"@id\":\"https:\\\/\\\/astrosolsones.com\\\/#website\",\"url\":\"https:\\\/\\\/astrosolsones.com\\\/\",\"name\":\"Astronomia al Solson\u00e8s\",\"description\":\"Observaci\u00f3n de estrellas, constelaciones y planetas Astroturismo\",\"publisher\":{\"@id\":\"https:\\\/\\\/astrosolsones.com\\\/#organization\"},\"potentialAction\":[{\"@type\":\"SearchAction\",\"target\":{\"@type\":\"EntryPoint\",\"urlTemplate\":\"https:\\\/\\\/astrosolsones.com\\\/?s={search_term_string}\"},\"query-input\":{\"@type\":\"PropertyValueSpecification\",\"valueRequired\":true,\"valueName\":\"search_term_string\"}}],\"inLanguage\":\"es\"},{\"@type\":\"Organization\",\"@id\":\"https:\\\/\\\/astrosolsones.com\\\/#organization\",\"name\":\"Astronomia al Solson\u00e8s\",\"url\":\"https:\\\/\\\/astrosolsones.com\\\/\",\"logo\":{\"@type\":\"ImageObject\",\"inLanguage\":\"es\",\"@id\":\"https:\\\/\\\/astrosolsones.com\\\/#\\\/schema\\\/logo\\\/image\\\/\",\"url\":\"https:\\\/\\\/astrosolsones.com\\\/wp-content\\\/uploads\\\/2024\\\/06\\\/Logo-Astrosolsones-fons-blanc.png\",\"contentUrl\":\"https:\\\/\\\/astrosolsones.com\\\/wp-content\\\/uploads\\\/2024\\\/06\\\/Logo-Astrosolsones-fons-blanc.png\",\"width\":1983,\"height\":1640,\"caption\":\"Astronomia al Solson\u00e8s\"},\"image\":{\"@id\":\"https:\\\/\\\/astrosolsones.com\\\/#\\\/schema\\\/logo\\\/image\\\/\"},\"sameAs\":[\"https:\\\/\\\/www.instagram.com\\\/astrosolsones\\\/\"]},{\"@type\":\"Person\",\"@id\":\"https:\\\/\\\/astrosolsones.com\\\/#\\\/schema\\\/person\\\/e8bfdc5f19c39a536f638748180c1e25\",\"name\":\"master\",\"image\":{\"@type\":\"ImageObject\",\"inLanguage\":\"es\",\"@id\":\"https:\\\/\\\/secure.gravatar.com\\\/avatar\\\/41a47ed12e956c548b5b7357f18afea7bfc64375f1237489a769fe8fdc510449?s=96&d=mm&r=g\",\"url\":\"https:\\\/\\\/secure.gravatar.com\\\/avatar\\\/41a47ed12e956c548b5b7357f18afea7bfc64375f1237489a769fe8fdc510449?s=96&d=mm&r=g\",\"contentUrl\":\"https:\\\/\\\/secure.gravatar.com\\\/avatar\\\/41a47ed12e956c548b5b7357f18afea7bfc64375f1237489a769fe8fdc510449?s=96&d=mm&r=g\",\"caption\":\"master\"},\"url\":\"https:\\\/\\\/astrosolsones.com\\\/es\\\/author\\\/admin9950\\\/\"}]}<\/script>\n<!-- \/ Yoast SEO plugin. -->","yoast_head_json":{"title":"P17. El cielo de verano - Astronom\u00eda en el Solson\u00e8s","robots":{"index":"index","follow":"follow","max-snippet":"max-snippet:-1","max-image-preview":"max-image-preview:large","max-video-preview":"max-video-preview:-1"},"canonical":"https:\/\/astrosolsones.com\/p17-el-cielo-de-verano\/","og_locale":"es_ES","og_type":"article","og_title":"P17. El cielo de verano - Astronom\u00eda en el Solson\u00e8s","og_url":"https:\/\/astrosolsones.com\/p17-el-cielo-de-verano\/","og_site_name":"Astronom\u00eda en el Solson\u00e8s","article_published_time":"2019-07-02T21:35:20+00:00","author":"master","twitter_card":"summary_large_image","twitter_misc":{"Escrito por":"master","Tiempo de lectura":"1 minuto"},"schema":{"@context":"https:\/\/schema.org","@graph":[{"@type":"Article","@id":"https:\/\/astrosolsones.com\/p17-el-cielo-de-verano\/#article","isPartOf":{"@id":"https:\/\/astrosolsones.com\/p17-el-cielo-de-verano\/"},"author":{"name":"master","@id":"https:\/\/astrosolsones.com\/#\/schema\/person\/e8bfdc5f19c39a536f638748180c1e25"},"headline":"P17. El cielo de verano","datePublished":"2019-07-02T21:35:20+00:00","mainEntityOfPage":{"@id":"https:\/\/astrosolsones.com\/p17-el-cielo-de-verano\/"},"wordCount":278,"commentCount":0,"publisher":{"@id":"https:\/\/astrosolsones.com\/#organization"},"articleSection":["Non class\u00e9"],"inLanguage":"es","potentialAction":[{"@type":"CommentAction","name":"Comment","target":["https:\/\/astrosolsones.com\/p17-el-cielo-de-verano\/#respond"]}]},{"@type":"WebPage","@id":"https:\/\/astrosolsones.com\/p17-el-cielo-de-verano\/","url":"https:\/\/astrosolsones.com\/p17-el-cielo-de-verano\/","name":"P17. El cielo de verano - Astronom\u00eda en el Solson\u00e8s","isPartOf":{"@id":"https:\/\/astrosolsones.com\/#website"},"datePublished":"2019-07-02T21:35:20+00:00","breadcrumb":{"@id":"https:\/\/astrosolsones.com\/p17-el-cielo-de-verano\/#breadcrumb"},"inLanguage":"es","potentialAction":[{"@type":"ReadAction","target":["https:\/\/astrosolsones.com\/p17-el-cielo-de-verano\/"]}]},{"@type":"BreadcrumbList","@id":"https:\/\/astrosolsones.com\/p17-el-cielo-de-verano\/#breadcrumb","itemListElement":[{"@type":"ListItem","position":1,"name":"Home","item":"https:\/\/astrosolsones.com\/"},{"@type":"ListItem","position":2,"name":"P17. El cielo de verano"}]},{"@type":"WebSite","@id":"https:\/\/astrosolsones.com\/#website","url":"https:\/\/astrosolsones.com\/","name":"Astronomia al Solson\u00e8s","description":"Observaci\u00f3n de estrellas, constelaciones y planetas Astroturismo","publisher":{"@id":"https:\/\/astrosolsones.com\/#organization"},"potentialAction":[{"@type":"SearchAction","target":{"@type":"EntryPoint","urlTemplate":"https:\/\/astrosolsones.com\/?s={search_term_string}"},"query-input":{"@type":"PropertyValueSpecification","valueRequired":true,"valueName":"search_term_string"}}],"inLanguage":"es"},{"@type":"Organization","@id":"https:\/\/astrosolsones.com\/#organization","name":"Astronomia al Solson\u00e8s","url":"https:\/\/astrosolsones.com\/","logo":{"@type":"ImageObject","inLanguage":"es","@id":"https:\/\/astrosolsones.com\/#\/schema\/logo\/image\/","url":"https:\/\/astrosolsones.com\/wp-content\/uploads\/2024\/06\/Logo-Astrosolsones-fons-blanc.png","contentUrl":"https:\/\/astrosolsones.com\/wp-content\/uploads\/2024\/06\/Logo-Astrosolsones-fons-blanc.png","width":1983,"height":1640,"caption":"Astronomia al Solson\u00e8s"},"image":{"@id":"https:\/\/astrosolsones.com\/#\/schema\/logo\/image\/"},"sameAs":["https:\/\/www.instagram.com\/astrosolsones\/"]},{"@type":"Person","@id":"https:\/\/astrosolsones.com\/#\/schema\/person\/e8bfdc5f19c39a536f638748180c1e25","name":"master","image":{"@type":"ImageObject","inLanguage":"es","@id":"https:\/\/secure.gravatar.com\/avatar\/41a47ed12e956c548b5b7357f18afea7bfc64375f1237489a769fe8fdc510449?s=96&d=mm&r=g","url":"https:\/\/secure.gravatar.com\/avatar\/41a47ed12e956c548b5b7357f18afea7bfc64375f1237489a769fe8fdc510449?s=96&d=mm&r=g","contentUrl":"https:\/\/secure.gravatar.com\/avatar\/41a47ed12e956c548b5b7357f18afea7bfc64375f1237489a769fe8fdc510449?s=96&d=mm&r=g","caption":"master"},"url":"https:\/\/astrosolsones.com\/es\/author\/admin9950\/"}]}},"_links":{"self":[{"href":"https:\/\/astrosolsones.com\/es\/wp-json\/wp\/v2\/posts\/229","targetHints":{"allow":["GET"]}}],"collection":[{"href":"https:\/\/astrosolsones.com\/es\/wp-json\/wp\/v2\/posts"}],"about":[{"href":"https:\/\/astrosolsones.com\/es\/wp-json\/wp\/v2\/types\/post"}],"author":[{"embeddable":true,"href":"https:\/\/astrosolsones.com\/es\/wp-json\/wp\/v2\/users\/1"}],"replies":[{"embeddable":true,"href":"https:\/\/astrosolsones.com\/es\/wp-json\/wp\/v2\/comments?post=229"}],"version-history":[{"count":1,"href":"https:\/\/astrosolsones.com\/es\/wp-json\/wp\/v2\/posts\/229\/revisions"}],"predecessor-version":[{"id":230,"href":"https:\/\/astrosolsones.com\/es\/wp-json\/wp\/v2\/posts\/229\/revisions\/230"}],"wp:attachment":[{"href":"https:\/\/astrosolsones.com\/es\/wp-json\/wp\/v2\/media?parent=229"}],"wp:term":[{"taxonomy":"category","embeddable":true,"href":"https:\/\/astrosolsones.com\/es\/wp-json\/wp\/v2\/categories?post=229"},{"taxonomy":"post_tag","embeddable":true,"href":"https:\/\/astrosolsones.com\/es\/wp-json\/wp\/v2\/tags?post=229"}],"curies":[{"name":"wp","href":"https:\/\/api.w.org\/{rel}","templated":true}]}}